{"id":5482,"date":"2023-06-13T14:49:06","date_gmt":"2023-06-13T19:49:06","guid":{"rendered":"https:\/\/www.colombiasostenible.gov.co\/fondo\/?p=5482"},"modified":"2023-07-18T00:38:51","modified_gmt":"2023-07-18T05:38:51","slug":"consultor-profesional-productivo-catatumbo","status":"publish","type":"post","link":"https:\/\/www.colombiasostenible.gov.co\/fondo\/2023\/06\/13\/consultor-profesional-productivo-catatumbo\/","title":{"rendered":"Cerrado &#8211; Consultor Profesional Productivo Catatumbo"},"content":{"rendered":"\n<p><strong><em>Prestar servicios de consultor\u00eda como Profesional Productivo para ejecutar el Proyecto \u201cEmprendimiento Social y Econ\u00f3mico para la Lucha Contra la Deforestaci\u00f3n\u201d, este incluye, la implementaci\u00f3n de sistemas productivos sostenibles, la suscripci\u00f3n de acuerdos de conservaci\u00f3n, la estructuraci\u00f3n de modelos de negocios, la asistencia t\u00e9cnica a emprendimientos y realizar\u00e1 las gestiones necesarias para la suscripci\u00f3n de acuerdos con potenciales comercializadores.<\/em><\/strong><\/p>\n\n\n\n<p><strong>Perfil: <\/strong>Agr\u00f3nomo, Ingeniero Agr\u00f3nomo, Economista o Ingeniero Forestal, o carreras afines. Se valorar\u00e1 presentaci\u00f3n de estudios de posgrado relacionados con el perfil de la convocatoria. Experiencia de al menos 4 a\u00f1os en proyectos de desarrollo productivo econ\u00f3mico sostenible y estructuraci\u00f3n de modelos de negocios, de preferencia con enfoque ambiental. Experiencia en trabajo en entidades p\u00fablicas del sector agropecuario a nivel local, regional y\/o nacional. Se valorar\u00e1 la experiencia en proyectos de desarrollo rural, procesos de asistencia t\u00e9cnica hacia el desarrollo productivo econ\u00f3mico sostenible, y suscripci\u00f3n de acuerdos de conservaci\u00f3n.<\/p>\n\n\n\n<p><strong>Ubicaci\u00f3n geogr\u00e1fica:<\/strong> Parque Nacionales Naturales (PNN) o zonas de amortiguaci\u00f3n Catatumbo Bari \u2013 Se tendr\u00e1n en cuenta \u00fanicamente las hojas de vida de quienes vivan en Norte de Santander.<\/p>\n\n\n\n<p>colocar Interesados enviar hoja de vida al correo <strong>consprofproductivocatatumbo@acdivoca.co<\/strong> Adjuntar carta de presentaci\u00f3n e indicar en el asunto del correo el municipio en el que residen.<\/p>\n\n\n\n<p><strong>Fecha publicaci\u00f3n: 13 de junio 2023<\/strong><\/p>\n\n\n\n<p><strong>Fecha L\u00edmite: 30 de junio de 2023<\/strong><\/p>\n\n\n\n<p><a href=\"https:\/\/www.acdivoca.org.co\/profesional-productivo-catatumbo\/\" target=\"_blank\" rel=\"noreferrer noopener\">https:\/\/www.acdivoca.org.co\/profesional-productivo-catatumbo\/<\/a><\/p>\n<div class=\"pvc_clear\"><\/div><p id=\"pvc_stats_5482\" class=\"pvc_stats all  \" data-element-id=\"5482\" style=\"\"><i class=\"pvc-stats-icon medium\" aria-hidden=\"true\"><svg aria-hidden=\"true\" focusable=\"false\" data-prefix=\"far\" data-icon=\"chart-bar\" role=\"img\" xmlns=\"http:\/\/www.w3.org\/2000\/svg\" viewBox=\"0 0 512 512\" class=\"svg-inline--fa fa-chart-bar fa-w-16 fa-2x\"><path fill=\"currentColor\" d=\"M396.8 352h22.4c6.4 0 12.8-6.4 12.8-12.8V108.8c0-6.4-6.4-12.8-12.8-12.8h-22.4c-6.4 0-12.8 6.4-12.8 12.8v230.4c0 6.4 6.4 12.8 12.8 12.8zm-192 0h22.4c6.4 0 12.8-6.4 12.8-12.8V140.8c0-6.4-6.4-12.8-12.8-12.8h-22.4c-6.4 0-12.8 6.4-12.8 12.8v198.4c0 6.4 6.4 12.8 12.8 12.8zm96 0h22.4c6.4 0 12.8-6.4 12.8-12.8V204.8c0-6.4-6.4-12.8-12.8-12.8h-22.4c-6.4 0-12.8 6.4-12.8 12.8v134.4c0 6.4 6.4 12.8 12.8 12.8zM496 400H48V80c0-8.84-7.16-16-16-16H16C7.16 64 0 71.16 0 80v336c0 17.67 14.33 32 32 32h464c8.84 0 16-7.16 16-16v-16c0-8.84-7.16-16-16-16zm-387.2-48h22.4c6.4 0 12.8-6.4 12.8-12.8v-70.4c0-6.4-6.4-12.8-12.8-12.8h-22.4c-6.4 0-12.8 6.4-12.8 12.8v70.4c0 6.4 6.4 12.8 12.8 12.8z\" class=\"\"><\/path><\/svg><\/i> <img loading=\"lazy\" decoding=\"async\" width=\"16\" height=\"16\" alt=\"Loading\" src=\"https:\/\/www.colombiasostenible.gov.co\/fondo\/wp-content\/plugins\/page-views-count\/ajax-loader-2x.gif\" border=0 \/><\/p><div class=\"pvc_clear\"><\/div>","protected":false},"excerpt":{"rendered":"<p>Prestar servicios de consultor\u00eda como Profesional Productivo para ejecutar el Proyecto \u201cEmprendimiento Social y Econ\u00f3mico para la Lucha Contra la Deforestaci\u00f3n\u201d, este incluye, la implementaci\u00f3n de sistemas productivos sostenibles, la suscripci\u00f3n de acuerdos de conservaci\u00f3n, la estructuraci\u00f3n de modelos de negocios, la asistencia t\u00e9cnica a emprendimientos y realizar\u00e1 las gestiones necesarias para la suscripci\u00f3n de [&hellip;]<\/p>\n<div class=\"pvc_clear\"><\/div>\n<p id=\"pvc_stats_5482\" class=\"pvc_stats all  \" data-element-id=\"5482\" style=\"\"><i class=\"pvc-stats-icon medium\" aria-hidden=\"true\"><svg aria-hidden=\"true\" focusable=\"false\" data-prefix=\"far\" data-icon=\"chart-bar\" role=\"img\" xmlns=\"http:\/\/www.w3.org\/2000\/svg\" viewBox=\"0 0 512 512\" class=\"svg-inline--fa fa-chart-bar fa-w-16 fa-2x\"><path fill=\"currentColor\" d=\"M396.8 352h22.4c6.4 0 12.8-6.4 12.8-12.8V108.8c0-6.4-6.4-12.8-12.8-12.8h-22.4c-6.4 0-12.8 6.4-12.8 12.8v230.4c0 6.4 6.4 12.8 12.8 12.8zm-192 0h22.4c6.4 0 12.8-6.4 12.8-12.8V140.8c0-6.4-6.4-12.8-12.8-12.8h-22.4c-6.4 0-12.8 6.4-12.8 12.8v198.4c0 6.4 6.4 12.8 12.8 12.8zm96 0h22.4c6.4 0 12.8-6.4 12.8-12.8V204.8c0-6.4-6.4-12.8-12.8-12.8h-22.4c-6.4 0-12.8 6.4-12.8 12.8v134.4c0 6.4 6.4 12.8 12.8 12.8zM496 400H48V80c0-8.84-7.16-16-16-16H16C7.16 64 0 71.16 0 80v336c0 17.67 14.33 32 32 32h464c8.84 0 16-7.16 16-16v-16c0-8.84-7.16-16-16-16zm-387.2-48h22.4c6.4 0 12.8-6.4 12.8-12.8v-70.4c0-6.4-6.4-12.8-12.8-12.8h-22.4c-6.4 0-12.8 6.4-12.8 12.8v70.4c0 6.4 6.4 12.8 12.8 12.8z\" class=\"\"><\/path><\/svg><\/i> <img loading=\"lazy\" decoding=\"async\" width=\"16\" height=\"16\" alt=\"Loading\" src=\"https:\/\/www.colombiasostenible.gov.co\/fondo\/wp-content\/plugins\/page-views-count\/ajax-loader-2x.gif\" border=0 \/><\/p>\n<div class=\"pvc_clear\"><\/div>\n","protected":false},"author":1,"featured_media":0,"comment_status":"closed","ping_status":"closed","sticky":false,"template":"","format":"standard","meta":{"_et_pb_use_builder":"off","_et_pb_old_content":"","_et_gb_content_width":"1080","footnotes":""},"categories":[276],"tags":[],"cp_meta_data":{"_edit_lock":["1689658734:1"],"tpg-post-view-count":["519"],"_oembed_cf03de5e57949da32642c2b3b8310614":["{{unknown}}"],"_wp_old_date":["2023-06-28"],"_et_pb_use_builder":["off"],"_et_pb_old_content":[""],"_et_gb_content_width":["1080"],"_edit_last":["1"],"_et_post_bg_color":["#ffffff"],"_et_post_bg_layout":["light"],"_et_pb_show_title":["on"],"_et_pb_post_hide_nav":["default"],"_et_pb_page_layout":["et_no_sidebar"],"_et_pb_side_nav":["off"],"rank_math_internal_links_processed":["1"],"_et_dynamic_cached_shortcodes":["a:0:{}"],"_et_dynamic_cached_attributes":["a:2:{s:23:\"background_enable_color\";s:2:\"on\";s:16:\"background_color\";s:7:\"#005073\";}"]},"rttpg_featured_image_url":null,"rttpg_author":{"display_name":"admin","author_link":"https:\/\/www.colombiasostenible.gov.co\/fondo\/author\/admincolsos-fondo\/"},"rttpg_comment":0,"rttpg_category":"<a href=\"https:\/\/www.colombiasostenible.gov.co\/fondo\/category\/convocatorias-cerradas\/\" rel=\"category tag\">Convocatorias cerradas<\/a>","rttpg_excerpt":"Prestar servicios de consultor\u00eda como Profesional Productivo para ejecutar el Proyecto \u201cEmprendimiento Social y Econ\u00f3mico para la Lucha Contra la Deforestaci\u00f3n\u201d, este incluye, la implementaci\u00f3n de sistemas productivos sostenibles, la suscripci\u00f3n de acuerdos de conservaci\u00f3n, la estructuraci\u00f3n de modelos de negocios, la asistencia t\u00e9cnica a emprendimientos y realizar\u00e1 las gestiones necesarias para la suscripci\u00f3n de&hellip;","_links":{"self":[{"href":"https:\/\/www.colombiasostenible.gov.co\/fondo\/wp-json\/wp\/v2\/posts\/5482"}],"collection":[{"href":"https:\/\/www.colombiasostenible.gov.co\/fondo\/wp-json\/wp\/v2\/posts"}],"about":[{"href":"https:\/\/www.colombiasostenible.gov.co\/fondo\/wp-json\/wp\/v2\/types\/post"}],"author":[{"embeddable":true,"href":"https:\/\/www.colombiasostenible.gov.co\/fondo\/wp-json\/wp\/v2\/users\/1"}],"replies":[{"embeddable":true,"href":"https:\/\/www.colombiasostenible.gov.co\/fondo\/wp-json\/wp\/v2\/comments?post=5482"}],"version-history":[{"count":5,"href":"https:\/\/www.colombiasostenible.gov.co\/fondo\/wp-json\/wp\/v2\/posts\/5482\/revisions"}],"predecessor-version":[{"id":5504,"href":"https:\/\/www.colombiasostenible.gov.co\/fondo\/wp-json\/wp\/v2\/posts\/5482\/revisions\/5504"}],"wp:attachment":[{"href":"https:\/\/www.colombiasostenible.gov.co\/fondo\/wp-json\/wp\/v2\/media?parent=5482"}],"wp:term":[{"taxonomy":"category","embeddable":true,"href":"https:\/\/www.colombiasostenible.gov.co\/fondo\/wp-json\/wp\/v2\/categories?post=5482"},{"taxonomy":"post_tag","embeddable":true,"href":"https:\/\/www.colombiasostenible.gov.co\/fondo\/wp-json\/wp\/v2\/tags?post=5482"}],"curies":[{"name":"wp","href":"https:\/\/api.w.org\/{rel}","templated":true}]}}