{"id":6694,"date":"2026-01-23T14:17:31","date_gmt":"2026-01-23T19:17:31","guid":{"rendered":"https:\/\/www.colombiasostenible.gov.co\/fondo\/?p=6694"},"modified":"2026-01-23T14:17:35","modified_gmt":"2026-01-23T19:17:35","slug":"transformando-el-rumbo-de-la-caficultura-en-colombia","status":"publish","type":"post","link":"https:\/\/www.colombiasostenible.gov.co\/fondo\/2026\/01\/23\/transformando-el-rumbo-de-la-caficultura-en-colombia\/","title":{"rendered":"Transformando el rumbo de la caficultura en Colombia"},"content":{"rendered":"\n<p><em>Caficultores de cuatro departamentos participaron en giras t\u00e9cnicas para fortalecer sus producciones y estrategias de comercializaci\u00f3n.<\/em><\/p>\n\n\n\n<p><strong>Bogot\u00e1, enero de 2026 &#8211;<em> <\/em><\/strong>\u201cComprendimos que nuestro caf\u00e9 tiene un potencial que a\u00fan no hemos explorado\u201d, afirma con firmeza <strong>Daniela Olarte<\/strong>, productora de Pueblo Bello (Cesar). Su reflexi\u00f3n sintetiza el sentir de los 20 caficultores que, durante seis d\u00edas, recorrieron el departamento del Tolima para intercambiar experiencias con productores referentes en la implementaci\u00f3n de modelos de producci\u00f3n sostenible y estrategias de comercializaci\u00f3n.<\/p>\n\n\n\n<p>Pese a su tradici\u00f3n cafetera, muchas familias contin\u00faan enfrentando desaf\u00edos asociados a la degradaci\u00f3n de los suelos, la variabilidad clim\u00e1tica, la baja rentabilidad y la limitada diversificaci\u00f3n productiva. Esto se traduce, entre otras causas, en una inserci\u00f3n a\u00fan reducida en mercados diferenciados.<\/p>\n\n\n\n<p>En este contexto, el proyecto \u201c<em>Implementaci\u00f3n de sistemas agroforestales sostenibles en fincas cafeteras que contribuyan al cierre de la frontera agropecuaria<\/em>\u201d, implementado por la <strong>Fundaci\u00f3n Proterritorio<\/strong> y financiado por el <strong>Fondo Colombia Sostenible<\/strong>, promueve intercambios de saberes y experiencias para fomentar la adopci\u00f3n de buenas pr\u00e1cticas productivas y la replicabilidad de modelos y estrategias clave.<\/p>\n\n\n\n<p>\u201cLa apuesta es que nuestros participantes comprendan la caficultura desde una mirada integral que involucra el territorio, el mercado y la transformaci\u00f3n social dentro de sus organizaciones. A trav\u00e9s del intercambio de conocimientos y experiencias buscamos fortalecer sus capacidades t\u00e9cnicas, comerciales y organizativas, para que, al regresar a sus fincas y comunidades, repliquen y consoliden sus propios modelos\u201d, explica <strong>Iv\u00e1n Wilches<\/strong>, coordinador del proyecto.<\/p>\n\n\n\n<p><\/p>\n\n\n\n<p><strong>Del territorio al comercio exterior<\/strong><\/p>\n\n\n\n<p>Las giras se estructuraron en torno a tres ejes: mejorar la calidad del caf\u00e9, fomentar el valor agregado de los productos y fortalecer el empoderamiento comercial mediante marcas propias o asociativas. La experiencia inici\u00f3 en el L\u00edbano, Tolima, con la participaci\u00f3n en la <em>Feria Internacional de Caf\u00e9<\/em>, un escenario donde los productores pudieron ofrecer su caf\u00e9 en mercados especializados.<\/p>\n\n\n\n<p>Durante la feria se desarroll\u00f3 una agenda acad\u00e9mica enfocada en aspectos t\u00e9cnicos de calidad, cataci\u00f3n y valor agregado, que permiti\u00f3 comprender las caracter\u00edsticas que distinguen a un caf\u00e9 competitivo a nivel nacional e internacional. En el \u00e1mbito comercial, los participantes conocieron experiencias de posicionamiento de marca construidas a partir de historias de origen, procesos de trazabilidad e identidad territorial, reflejadas en el empaque y en la gesti\u00f3n de marca, altamente valoradas por los consumidores.<\/p>\n\n\n\n<p>\u201cLa gira nos permiti\u00f3 identificar oportunidades reales de competitividad. Comprendimos que un producto con calidad, narrativa y trazabilidad tiene un lugar en el mercado, incluso para organizaciones peque\u00f1as\u201d, se\u00f1ala Olarte.<\/p>\n\n\n\n<p><\/p>\n\n\n\n<p><strong>El origen del caf\u00e9<\/strong><\/p>\n\n\n\n<p>Adem\u00e1s de la feria, los participantes visitaron fincas del Tolima, en una experiencia a cielo abierto que permiti\u00f3 observar los beneficios de los sistemas agroforestales, el manejo de microcuencas y la conservaci\u00f3n de suelos. Durante estas visitas se compartieron t\u00e9cnicas de propagaci\u00f3n de especies en viveros comunitarios y modelos de postcosecha ecol\u00f3gica, centrados en el beneficio limpio y el secado eficiente.<\/p>\n\n\n\n<p>\u201cObservar fincas que ya implementaron sistemas agroforestales nos mostr\u00f3 que es posible producir caf\u00e9 conservando el bosque y mejorando la productividad. Regreso m\u00e1s animada a mi finquita y con ganas de seguir posicionando, con m\u00e1s conocimiento, mi marca Caf\u00e9 La Lomita\u201d, comenta <strong>Flor \u00c1ngela Forero<\/strong>, caficultora de Suaita (Santander).<\/p>\n\n\n\n<p><\/p>\n\n\n\n<p><strong>Un nuevo horizonte para las mujeres<\/strong><\/p>\n\n\n\n<p>En cada finca visitada se destac\u00f3 el rol de las mujeres caficultoras en el liderazgo de distintos eslabones de la cadena productiva: desde la siembra y propagaci\u00f3n de especies nativas, hasta las estrategias comerciales para el posicionamiento de marca.<\/p>\n\n\n\n<p>Sus testimonios reflejaron recorridos marcados por retos y aprendizajes, hasta consolidar el caf\u00e9 como un proyecto de vida sostenible para ellas y sus familias. En todos los relatos se repiti\u00f3 un mismo sentir: la esperanza de abrir nuevas oportunidades al asumir roles estrat\u00e9gicos dentro de la cadena cafetera.<\/p>\n\n\n\n<p>\u201cHist\u00f3ricamente, las mujeres han desempe\u00f1ado un rol fundamental en la caficultura sin que se reconozcan plenamente sus aportes ni se les involucre de manera suficiente en los procesos comerciales, de liderazgo y toma de decisiones. Adem\u00e1s, siguen teniendo menor acceso a formaci\u00f3n t\u00e9cnica que los hombres. Ejercicios como este fortalecen sus capacidades, promueven transformaciones en las organizaciones y generan mejores resultados tanto en lo productivo como en t\u00e9rminos de equidad y tejido social\u201d, explica <strong>Mar\u00eda Fernanda Escobar<\/strong>, especialista social del Fondo Colombia Sostenible.<\/p>\n\n\n\n<p><\/p>\n\n\n\n<p><strong>Innovaci\u00f3n desde la construcci\u00f3n colectiva<\/strong><\/p>\n\n\n\n<p>En conjunto, estos espacios demostraron que la sostenibilidad productiva y ambiental debe ir acompa\u00f1ada de estrategias comerciales claras, procesos organizativos s\u00f3lidos y una participaci\u00f3n equitativa de mujeres y hombres en la cadena de valor. La gira permiti\u00f3 observar estas din\u00e1micas en otros territorios e inspirar nuevas perspectivas para fortalecer la competitividad y sostenibilidad del caf\u00e9 producido en el norte del pa\u00eds.<\/p>\n\n\n\n<p>\u201cEntendimos que el cambio no empieza en la finca que visitamos, sino cuando regresamos a la nuestra con nuevas ideas y la decisi\u00f3n de implementarlas\u201d, se\u00f1ala <strong>Jhonatan Guevara<\/strong>, productor de Pueblo Bello (Cesar). Para \u00e9l y los dem\u00e1s participantes, las giras fueron m\u00e1s que un intercambio de saberes: marcaron una hoja de ruta integral \u2014desde la agroforester\u00eda y el fortalecimiento organizativo hasta la comercializaci\u00f3n responsable\u2014 para acelerar procesos de innovaci\u00f3n rural y abrir camino a nuevos mercados con caf\u00e9 sostenible, de calidad y representativo de sus territorios.<\/p>\n\n\n\n<p><\/p>\n\n\n\n<p><strong>Sobre el proyecto<\/strong><\/p>\n\n\n\n<p>El proyecto \u201c<strong>Implementaci\u00f3n de Sistemas Agroforestales Sostenibles en Fincas Cafeteras que contribuyan al Cierre de la Frontera Agropecuaria<\/strong>\u201d, implementado por la Fundaci\u00f3n Proterritorio con el apoyo del Fondo Colombia Sostenible, busca restaurar ecosistemas y promover pr\u00e1cticas productivas sostenibles que fortalezcan la caficultura del territorio.<\/p>\n\n\n\n<p>Entre sus principales metas ambientales se encuentra la implementaci\u00f3n de sistemas agroforestales en 2.000 hect\u00e1reas de fincas cafeteras, as\u00ed como la siembra de 500.000 \u00e1rboles nativos. En este marco, el intercambio de experiencias entre productores se consolida como una estrategia clave no solo para avanzar en estos objetivos, sino tambi\u00e9n para fortalecer el tejido social y generar conocimientos t\u00e9cnicos que permitan replicar y sostener las pr\u00e1cticas adoptadas por las y los caficultores en sus territorios.<\/p>\n\n\n\n<figure class=\"wp-block-gallery has-nested-images columns-default is-cropped wp-block-gallery-1 is-layout-flex wp-block-gallery-is-layout-flex\">\n<figure class=\"wp-block-image size-large\"><img loading=\"lazy\" decoding=\"async\" width=\"768\" height=\"1024\" data-id=\"6702\" src=\"https:\/\/www.colombiasostenible.gov.co\/fondo\/wp-content\/uploads\/2026\/01\/WhatsApp-Image-2026-01-21-at-4.36.13-PM-6-1-768x1024.jpeg\" alt=\"\" class=\"wp-image-6702\" srcset=\"https:\/\/www.colombiasostenible.gov.co\/fondo\/wp-content\/uploads\/2026\/01\/WhatsApp-Image-2026-01-21-at-4.36.13-PM-6-1-768x1024.jpeg 768w, https:\/\/www.colombiasostenible.gov.co\/fondo\/wp-content\/uploads\/2026\/01\/WhatsApp-Image-2026-01-21-at-4.36.13-PM-6-1-480x640.jpeg 480w\" sizes=\"(min-width: 0px) and (max-width: 480px) 480px, (min-width: 481px) 768px, 100vw\" \/><\/figure>\n\n\n\n<figure class=\"wp-block-image size-large\"><img loading=\"lazy\" decoding=\"async\" width=\"1024\" height=\"768\" data-id=\"6699\" src=\"https:\/\/www.colombiasostenible.gov.co\/fondo\/wp-content\/uploads\/2026\/01\/WhatsApp-Image-2026-01-21-at-4.36.12-PM-1-1024x768.jpeg\" alt=\"\" class=\"wp-image-6699\" srcset=\"https:\/\/www.colombiasostenible.gov.co\/fondo\/wp-content\/uploads\/2026\/01\/WhatsApp-Image-2026-01-21-at-4.36.12-PM-1-1024x768.jpeg 1024w, https:\/\/www.colombiasostenible.gov.co\/fondo\/wp-content\/uploads\/2026\/01\/WhatsApp-Image-2026-01-21-at-4.36.12-PM-1-980x735.jpeg 980w, https:\/\/www.colombiasostenible.gov.co\/fondo\/wp-content\/uploads\/2026\/01\/WhatsApp-Image-2026-01-21-at-4.36.12-PM-1-480x360.jpeg 480w\" sizes=\"(min-width: 0px) and (max-width: 480px) 480px, (min-width: 481px) and (max-width: 980px) 980px, (min-width: 981px) 1024px, 100vw\" \/><\/figure>\n\n\n\n<figure class=\"wp-block-image size-large\"><img loading=\"lazy\" decoding=\"async\" width=\"768\" height=\"1024\" data-id=\"6700\" src=\"https:\/\/www.colombiasostenible.gov.co\/fondo\/wp-content\/uploads\/2026\/01\/WhatsApp-Image-2026-01-21-at-4.36.13-PM-2-768x1024.jpeg\" alt=\"\" class=\"wp-image-6700\" srcset=\"https:\/\/www.colombiasostenible.gov.co\/fondo\/wp-content\/uploads\/2026\/01\/WhatsApp-Image-2026-01-21-at-4.36.13-PM-2-768x1024.jpeg 768w, https:\/\/www.colombiasostenible.gov.co\/fondo\/wp-content\/uploads\/2026\/01\/WhatsApp-Image-2026-01-21-at-4.36.13-PM-2-480x640.jpeg 480w\" sizes=\"(min-width: 0px) and (max-width: 480px) 480px, (min-width: 481px) 768px, 100vw\" \/><\/figure>\n\n\n\n<figure class=\"wp-block-image size-large\"><img loading=\"lazy\" decoding=\"async\" width=\"768\" height=\"1024\" data-id=\"6701\" src=\"https:\/\/www.colombiasostenible.gov.co\/fondo\/wp-content\/uploads\/2026\/01\/WhatsApp-Image-2026-01-21-at-4.36.13-PM-1-1-768x1024.jpeg\" alt=\"\" class=\"wp-image-6701\" srcset=\"https:\/\/www.colombiasostenible.gov.co\/fondo\/wp-content\/uploads\/2026\/01\/WhatsApp-Image-2026-01-21-at-4.36.13-PM-1-1-768x1024.jpeg 768w, https:\/\/www.colombiasostenible.gov.co\/fondo\/wp-content\/uploads\/2026\/01\/WhatsApp-Image-2026-01-21-at-4.36.13-PM-1-1-480x640.jpeg 480w\" sizes=\"(min-width: 0px) and (max-width: 480px) 480px, (min-width: 481px) 768px, 100vw\" \/><\/figure>\n<\/figure>\n<div class=\"pvc_clear\"><\/div><p id=\"pvc_stats_6694\" class=\"pvc_stats all  \" data-element-id=\"6694\" style=\"\"><i class=\"pvc-stats-icon medium\" aria-hidden=\"true\"><svg aria-hidden=\"true\" focusable=\"false\" data-prefix=\"far\" data-icon=\"chart-bar\" role=\"img\" xmlns=\"http:\/\/www.w3.org\/2000\/svg\" viewBox=\"0 0 512 512\" class=\"svg-inline--fa fa-chart-bar fa-w-16 fa-2x\"><path fill=\"currentColor\" d=\"M396.8 352h22.4c6.4 0 12.8-6.4 12.8-12.8V108.8c0-6.4-6.4-12.8-12.8-12.8h-22.4c-6.4 0-12.8 6.4-12.8 12.8v230.4c0 6.4 6.4 12.8 12.8 12.8zm-192 0h22.4c6.4 0 12.8-6.4 12.8-12.8V140.8c0-6.4-6.4-12.8-12.8-12.8h-22.4c-6.4 0-12.8 6.4-12.8 12.8v198.4c0 6.4 6.4 12.8 12.8 12.8zm96 0h22.4c6.4 0 12.8-6.4 12.8-12.8V204.8c0-6.4-6.4-12.8-12.8-12.8h-22.4c-6.4 0-12.8 6.4-12.8 12.8v134.4c0 6.4 6.4 12.8 12.8 12.8zM496 400H48V80c0-8.84-7.16-16-16-16H16C7.16 64 0 71.16 0 80v336c0 17.67 14.33 32 32 32h464c8.84 0 16-7.16 16-16v-16c0-8.84-7.16-16-16-16zm-387.2-48h22.4c6.4 0 12.8-6.4 12.8-12.8v-70.4c0-6.4-6.4-12.8-12.8-12.8h-22.4c-6.4 0-12.8 6.4-12.8 12.8v70.4c0 6.4 6.4 12.8 12.8 12.8z\" class=\"\"><\/path><\/svg><\/i> <img loading=\"lazy\" decoding=\"async\" width=\"16\" height=\"16\" alt=\"Loading\" src=\"https:\/\/www.colombiasostenible.gov.co\/fondo\/wp-content\/plugins\/page-views-count\/ajax-loader-2x.gif\" border=0 \/><\/p><div class=\"pvc_clear\"><\/div>","protected":false},"excerpt":{"rendered":"<p>Caficultores de cuatro departamentos participaron en giras t\u00e9cnicas para fortalecer sus producciones y estrategias de comercializaci\u00f3n. Bogot\u00e1, enero de 2026 &#8211; \u201cComprendimos que nuestro caf\u00e9 tiene un potencial que a\u00fan no hemos explorado\u201d, afirma con firmeza Daniela Olarte, productora de Pueblo Bello (Cesar). Su reflexi\u00f3n sintetiza el sentir de los 20 caficultores que, durante seis [&hellip;]<\/p>\n<div class=\"pvc_clear\"><\/div>\n<p id=\"pvc_stats_6694\" class=\"pvc_stats all  \" data-element-id=\"6694\" style=\"\"><i class=\"pvc-stats-icon medium\" aria-hidden=\"true\"><svg aria-hidden=\"true\" focusable=\"false\" data-prefix=\"far\" data-icon=\"chart-bar\" role=\"img\" xmlns=\"http:\/\/www.w3.org\/2000\/svg\" viewBox=\"0 0 512 512\" class=\"svg-inline--fa fa-chart-bar fa-w-16 fa-2x\"><path fill=\"currentColor\" d=\"M396.8 352h22.4c6.4 0 12.8-6.4 12.8-12.8V108.8c0-6.4-6.4-12.8-12.8-12.8h-22.4c-6.4 0-12.8 6.4-12.8 12.8v230.4c0 6.4 6.4 12.8 12.8 12.8zm-192 0h22.4c6.4 0 12.8-6.4 12.8-12.8V140.8c0-6.4-6.4-12.8-12.8-12.8h-22.4c-6.4 0-12.8 6.4-12.8 12.8v198.4c0 6.4 6.4 12.8 12.8 12.8zm96 0h22.4c6.4 0 12.8-6.4 12.8-12.8V204.8c0-6.4-6.4-12.8-12.8-12.8h-22.4c-6.4 0-12.8 6.4-12.8 12.8v134.4c0 6.4 6.4 12.8 12.8 12.8zM496 400H48V80c0-8.84-7.16-16-16-16H16C7.16 64 0 71.16 0 80v336c0 17.67 14.33 32 32 32h464c8.84 0 16-7.16 16-16v-16c0-8.84-7.16-16-16-16zm-387.2-48h22.4c6.4 0 12.8-6.4 12.8-12.8v-70.4c0-6.4-6.4-12.8-12.8-12.8h-22.4c-6.4 0-12.8 6.4-12.8 12.8v70.4c0 6.4 6.4 12.8 12.8 12.8z\" class=\"\"><\/path><\/svg><\/i> <img loading=\"lazy\" decoding=\"async\" width=\"16\" height=\"16\" alt=\"Loading\" src=\"https:\/\/www.colombiasostenible.gov.co\/fondo\/wp-content\/plugins\/page-views-count\/ajax-loader-2x.gif\" border=0 \/><\/p>\n<div class=\"pvc_clear\"><\/div>\n","protected":false},"author":1,"featured_media":6695,"comment_status":"open","ping_status":"open","sticky":false,"template":"","format":"standard","meta":{"_et_pb_use_builder":"off","_et_pb_old_content":"","_et_gb_content_width":"","footnotes":""},"categories":[51],"tags":[],"cp_meta_data":{"_edit_lock":["1769195858:1"],"tpg-post-view-count":["657"],"rank_math_internal_links_processed":["1"],"rank_math_seo_score":["10"],"rank_math_primary_category":["51"],"_thumbnail_id":["6695"],"_et_pb_use_builder":["off"],"_et_pb_old_content":[""],"_et_gb_content_width":[""],"footnotes":[""],"_edit_last":["1"],"_a3_pvc_activated":["true"],"_et_post_bg_color":["#ffffff"],"_et_post_bg_layout":["light"],"_et_pb_show_title":["on"],"_et_pb_post_hide_nav":["default"],"_et_pb_page_layout":["et_right_sidebar"],"_et_pb_side_nav":["off"],"_et_dynamic_cached_shortcodes":["a:0:{}"],"_et_dynamic_cached_attributes":["a:2:{s:23:\"background_enable_color\";s:2:\"on\";s:16:\"background_color\";s:7:\"#005073\";}"]},"rttpg_featured_image_url":{"full":["https:\/\/www.colombiasostenible.gov.co\/fondo\/wp-content\/uploads\/2026\/01\/WhatsApp-Image-2026-01-21-at-4.36.13-PM-6.jpeg",960,1280,false],"landscape":["https:\/\/www.colombiasostenible.gov.co\/fondo\/wp-content\/uploads\/2026\/01\/WhatsApp-Image-2026-01-21-at-4.36.13-PM-6.jpeg",960,1280,false],"portraits":["https:\/\/www.colombiasostenible.gov.co\/fondo\/wp-content\/uploads\/2026\/01\/WhatsApp-Image-2026-01-21-at-4.36.13-PM-6.jpeg",960,1280,false],"thumbnail":["https:\/\/www.colombiasostenible.gov.co\/fondo\/wp-content\/uploads\/2026\/01\/WhatsApp-Image-2026-01-21-at-4.36.13-PM-6-150x150.jpeg",150,150,true],"medium":["https:\/\/www.colombiasostenible.gov.co\/fondo\/wp-content\/uploads\/2026\/01\/WhatsApp-Image-2026-01-21-at-4.36.13-PM-6-225x300.jpeg",225,300,true],"large":["https:\/\/www.colombiasostenible.gov.co\/fondo\/wp-content\/uploads\/2026\/01\/WhatsApp-Image-2026-01-21-at-4.36.13-PM-6-768x1024.jpeg",768,1024,true],"ctl_avatar":["https:\/\/www.colombiasostenible.gov.co\/fondo\/wp-content\/uploads\/2026\/01\/WhatsApp-Image-2026-01-21-at-4.36.13-PM-6-250x250.jpeg",250,250,true],"1536x1536":["https:\/\/www.colombiasostenible.gov.co\/fondo\/wp-content\/uploads\/2026\/01\/WhatsApp-Image-2026-01-21-at-4.36.13-PM-6.jpeg",960,1280,false],"2048x2048":["https:\/\/www.colombiasostenible.gov.co\/fondo\/wp-content\/uploads\/2026\/01\/WhatsApp-Image-2026-01-21-at-4.36.13-PM-6.jpeg",960,1280,false],"directorist_preview":["https:\/\/www.colombiasostenible.gov.co\/fondo\/wp-content\/uploads\/2026\/01\/WhatsApp-Image-2026-01-21-at-4.36.13-PM-6-640x360.jpeg",640,360,true],"et-pb-post-main-image":["https:\/\/www.colombiasostenible.gov.co\/fondo\/wp-content\/uploads\/2026\/01\/WhatsApp-Image-2026-01-21-at-4.36.13-PM-6-400x250.jpeg",400,250,true],"et-pb-post-main-image-fullwidth":["https:\/\/www.colombiasostenible.gov.co\/fondo\/wp-content\/uploads\/2026\/01\/WhatsApp-Image-2026-01-21-at-4.36.13-PM-6-960x675.jpeg",960,675,true],"et-pb-portfolio-image":["https:\/\/www.colombiasostenible.gov.co\/fondo\/wp-content\/uploads\/2026\/01\/WhatsApp-Image-2026-01-21-at-4.36.13-PM-6-400x284.jpeg",400,284,true],"et-pb-portfolio-module-image":["https:\/\/www.colombiasostenible.gov.co\/fondo\/wp-content\/uploads\/2026\/01\/WhatsApp-Image-2026-01-21-at-4.36.13-PM-6-510x382.jpeg",510,382,true],"et-pb-portfolio-image-single":["https:\/\/www.colombiasostenible.gov.co\/fondo\/wp-content\/uploads\/2026\/01\/WhatsApp-Image-2026-01-21-at-4.36.13-PM-6.jpeg",960,1280,false],"et-pb-gallery-module-image-portrait":["https:\/\/www.colombiasostenible.gov.co\/fondo\/wp-content\/uploads\/2026\/01\/WhatsApp-Image-2026-01-21-at-4.36.13-PM-6-400x516.jpeg",400,516,true],"et-pb-post-main-image-fullwidth-large":["https:\/\/www.colombiasostenible.gov.co\/fondo\/wp-content\/uploads\/2026\/01\/WhatsApp-Image-2026-01-21-at-4.36.13-PM-6.jpeg",960,1280,false],"et-pb-image--responsive--desktop":["https:\/\/www.colombiasostenible.gov.co\/fondo\/wp-content\/uploads\/2026\/01\/WhatsApp-Image-2026-01-21-at-4.36.13-PM-6.jpeg",540,720,false],"et-pb-image--responsive--tablet":["https:\/\/www.colombiasostenible.gov.co\/fondo\/wp-content\/uploads\/2026\/01\/WhatsApp-Image-2026-01-21-at-4.36.13-PM-6.jpeg",413,551,false],"et-pb-image--responsive--phone":["https:\/\/www.colombiasostenible.gov.co\/fondo\/wp-content\/uploads\/2026\/01\/WhatsApp-Image-2026-01-21-at-4.36.13-PM-6-480x640.jpeg",203,270,true]},"rttpg_author":{"display_name":"admin","author_link":"https:\/\/www.colombiasostenible.gov.co\/fondo\/author\/admincolsos-fondo\/"},"rttpg_comment":2,"rttpg_category":"<a href=\"https:\/\/www.colombiasostenible.gov.co\/fondo\/category\/noticias\/\" rel=\"category tag\">Noticias<\/a>","rttpg_excerpt":"Caficultores de cuatro departamentos participaron en giras t\u00e9cnicas para fortalecer sus producciones y estrategias de comercializaci\u00f3n. Bogot\u00e1, enero de 2026 &#8211; \u201cComprendimos que nuestro caf\u00e9 tiene un potencial que a\u00fan no hemos explorado\u201d, afirma con firmeza Daniela Olarte, productora de Pueblo Bello (Cesar). Su reflexi\u00f3n sintetiza el sentir de los 20 caficultores que, durante seis&hellip;","_links":{"self":[{"href":"https:\/\/www.colombiasostenible.gov.co\/fondo\/wp-json\/wp\/v2\/posts\/6694"}],"collection":[{"href":"https:\/\/www.colombiasostenible.gov.co\/fondo\/wp-json\/wp\/v2\/posts"}],"about":[{"href":"https:\/\/www.colombiasostenible.gov.co\/fondo\/wp-json\/wp\/v2\/types\/post"}],"author":[{"embeddable":true,"href":"https:\/\/www.colombiasostenible.gov.co\/fondo\/wp-json\/wp\/v2\/users\/1"}],"replies":[{"embeddable":true,"href":"https:\/\/www.colombiasostenible.gov.co\/fondo\/wp-json\/wp\/v2\/comments?post=6694"}],"version-history":[{"count":1,"href":"https:\/\/www.colombiasostenible.gov.co\/fondo\/wp-json\/wp\/v2\/posts\/6694\/revisions"}],"predecessor-version":[{"id":6703,"href":"https:\/\/www.colombiasostenible.gov.co\/fondo\/wp-json\/wp\/v2\/posts\/6694\/revisions\/6703"}],"wp:featuredmedia":[{"embeddable":true,"href":"https:\/\/www.colombiasostenible.gov.co\/fondo\/wp-json\/wp\/v2\/media\/6695"}],"wp:attachment":[{"href":"https:\/\/www.colombiasostenible.gov.co\/fondo\/wp-json\/wp\/v2\/media?parent=6694"}],"wp:term":[{"taxonomy":"category","embeddable":true,"href":"https:\/\/www.colombiasostenible.gov.co\/fondo\/wp-json\/wp\/v2\/categories?post=6694"},{"taxonomy":"post_tag","embeddable":true,"href":"https:\/\/www.colombiasostenible.gov.co\/fondo\/wp-json\/wp\/v2\/tags?post=6694"}],"curies":[{"name":"wp","href":"https:\/\/api.w.org\/{rel}","templated":true}]}}