{"id":4468,"date":"2024-06-06T15:25:17","date_gmt":"2024-06-06T20:25:17","guid":{"rendered":"https:\/\/www.colombiasostenible.gov.co\/programa\/?p=4468"},"modified":"2024-06-07T14:01:08","modified_gmt":"2024-06-07T19:01:08","slug":"limon-y-aguacate-la-promisoria-apuesta-agricola-en-el-tambo-cauca","status":"publish","type":"post","link":"https:\/\/www.colombiasostenible.gov.co\/programa\/2024\/06\/06\/limon-y-aguacate-la-promisoria-apuesta-agricola-en-el-tambo-cauca\/","title":{"rendered":"Lim\u00f3n y Aguacate: la promisoria apuesta agr\u00edcola en El Tambo, Cauca"},"content":{"rendered":"\n<p><em>Familias campesinas, ind\u00edgenas y afrocolombianas producen Lim\u00f3n Tahit\u00ed y Aguacate Hass implementando buenas pr\u00e1cticas agr\u00edcolas para contribuir con el desarrollo sostenible de su regi\u00f3n y aportar al Acuerdo de Paz.<\/em><\/p>\n\n\n\n<p><strong>El Tambo (Cauca), junio 06 de 2024 &#8211; @Col_Sostenible1<\/strong><\/p>\n\n\n\n<p>En un esfuerzo por mejorar la competitividad y los ingresos de 106 familias campesinas, ind\u00edgenas y afrocolombianas de la Asociaci\u00f3n de Productores Agropecuarios del Cauca (Agropemca), se desarrolla el proyecto \u2018<em>Instalaci\u00f3n de un plan de fortalecimiento organizacional agroambiental para el fortalecimiento de la cadena frutales en el municipio de El Tambo\u2019 <\/em>con una inversi\u00f3n por <strong>$1.805 millones de pesos.<\/strong><\/p>\n\n\n\n<p>La iniciativa cuenta con el apoyo econ\u00f3mico del Programa Colombia Sostenible del Fondo Colombia en Paz y el Banco Interamericano de Desarrollo por <strong>$953 millones, <\/strong>recursos que son invertidos en herramientas, equipos, capacitaciones y asistencia t\u00e9cnica, entre otros, bajo la administraci\u00f3n de la Fundaci\u00f3n Asesor\u00edas e Investigaciones Profesionales (AIP), su ejecutor. El restante corresponde a contrapartida local representada principalmente en la mano de obra de los beneficiarios.<\/p>\n\n\n\n<p>Un proceso que ha transformado el proceso productivo como lo manifiesta Jos\u00e9 Norbey Gurrute, desde la finca El Bosque. \u00c9l asegura que continuar\u00e1 sembrando aguacate y \u201ca futuro, con la ayuda de Dios, continuaremos sembrando, siguiendo los consejos del equipo t\u00e9cnico y de todo lo que aprendimos cuando visitamos una finca productora de aguacate en Fresno, Tolima (durante una gira t\u00e9cnica)\u201d.<\/p>\n\n\n\n<p>Por su parte, Aid\u00e9 Hidrobo exalta los beneficios obtenidos; para ella \u201cel programa ha sido de mucha bendici\u00f3n porque nos dieron las herramientas para trabajar, nos ense\u00f1aron a cuidar y a mejorar nuestros cultivos, hacer abonos org\u00e1nicos y, ahora, nos dieron \u00e1rboles para sembrar y cuidar las fuentes de agua\u201d, dijo Aid\u00e9, beneficiaria del proyecto.<\/p>\n\n\n\n<figure class=\"wp-block-image aligncenter size-large is-resized\"><img decoding=\"async\" src=\"https:\/\/www.colombiasostenible.gov.co\/programa\/wp-content\/uploads\/2024\/06\/Cultivo-limon-Tahiti-El-Tambo-530-1-768x1024.jpg\" alt=\"\" class=\"wp-image-4469\" style=\"width:336px;height:448px\" width=\"336\" height=\"448\"\/><\/figure>\n\n\n\n<p>Estas familias de tradici\u00f3n campesina producen frutales como el <strong>lim\u00f3n Tahit\u00ed y el aguacate Hass <\/strong>implementando buenas pr\u00e1cticas agr\u00edcolas con medidas de adaptaci\u00f3n al cambio clim\u00e1tico, una gran ventaja al tratarse de un mercado competitivo de alta demanda que, a futuro, permitir\u00e1 que Agropemca genere ingresos de manera sostenible para los peque\u00f1os productores asociados.&nbsp;<\/p>\n\n\n\n<p>Entre los objetivos de esta apuesta agroambiental se incluyen:<\/p>\n\n\n\n<ul class=\"wp-block-list\">\n<li><strong>Establecer cultivos frutales<\/strong> de Aguacate Hass y de lim\u00f3n Tahit\u00ed con pr\u00e1cticas de manejo de cultivo adecuadas.<\/li>\n\n\n\n<li><strong>Planificar el manejo de los recursos naturales<\/strong> para optimizar la producci\u00f3n de los frutales.<\/li>\n\n\n\n<li><strong>Definir un proceso organizativo y socioempresarial<\/strong> para las familias beneficiarias.<\/li>\n<\/ul>\n\n\n\n<p>El proyecto no solo busca mejorar la econom\u00eda local sino tambi\u00e9n asegurar la sostenibilidad ambiental y el desarrollo social de la comunidad. Con estas acciones, El Tambo se posiciona como un modelo de desarrollo agroambiental en una de las regiones m\u00e1s afectadas por el conflicto armado en el pa\u00eds.<\/p>\n\n\n\n<figure class=\"wp-block-image aligncenter size-large is-resized\"><img decoding=\"async\" src=\"https:\/\/www.colombiasostenible.gov.co\/programa\/wp-content\/uploads\/2024\/06\/Cultivo-limon-Tahiti-El-Tambo-5303-1024x768.jpg\" alt=\"\" class=\"wp-image-4470\" style=\"width:555px;height:416px\" width=\"555\" height=\"416\"\/><\/figure>\n\n\n\n<p><strong>Sobre el Programa Colombia Sostenible<\/strong><\/p>\n\n\n\n<p>El Programa Colombia Sostenible es una iniciativa del Gobierno Nacional que ejecuta el Fondo Colombia en Paz y que actualmente cofinancia alrededor de 200 proyectos agroambientales, los cuales benefician a m\u00e1s de 37 mil familias rurales.<\/p>\n\n\n\n<p>Su \u00e1rea priorizada de intervenci\u00f3n corresponde a los 170 municipios PDET y su financiaci\u00f3n proviene del Pr\u00e9stamo a la Naci\u00f3n 4424\/OC-CO del Banco Interamericano de Desarrollo. Esta operaci\u00f3n multisectorial cuenta con el apoyo y participaci\u00f3n de los Ministerios de Agricultura, Ambiente y Hacienda; el Departamento Nacional de Planeaci\u00f3n (DNP), APC-Colombia y la Unidad de Implementaci\u00f3n del Acuerdo de Paz.<\/p>\n\n\n\n<p><strong>Sobre el Fondo Colombia en Paz<\/strong><\/p>\n\n\n\n<p>El Fondo Colombia en Paz (FCP) es un veh\u00edculo financiero creado con ocasi\u00f3n de la firma del Acuerdo de Paz en 2016. La creaci\u00f3n del FCP tiene origen legal en el Decreto Ley 691 de 2017 y su objeto consiste en garantizar la eficiencia y eficacia en la administraci\u00f3n, coordinaci\u00f3n, focalizaci\u00f3n y ejecuci\u00f3n de los recursos destinados a la implementaci\u00f3n del Acuerdo Final, conforme al Plan Marco de Implementaci\u00f3n (PMI).<\/p>\n\n\n\n<p>Fin (adp)<\/p>\n<div class=\"pvc_clear\"><\/div><p id=\"pvc_stats_4468\" class=\"pvc_stats all  \" data-element-id=\"4468\" style=\"\"><i class=\"pvc-stats-icon medium\" aria-hidden=\"true\"><svg aria-hidden=\"true\" focusable=\"false\" data-prefix=\"far\" data-icon=\"chart-bar\" role=\"img\" xmlns=\"http:\/\/www.w3.org\/2000\/svg\" viewBox=\"0 0 512 512\" class=\"svg-inline--fa fa-chart-bar fa-w-16 fa-2x\"><path fill=\"currentColor\" d=\"M396.8 352h22.4c6.4 0 12.8-6.4 12.8-12.8V108.8c0-6.4-6.4-12.8-12.8-12.8h-22.4c-6.4 0-12.8 6.4-12.8 12.8v230.4c0 6.4 6.4 12.8 12.8 12.8zm-192 0h22.4c6.4 0 12.8-6.4 12.8-12.8V140.8c0-6.4-6.4-12.8-12.8-12.8h-22.4c-6.4 0-12.8 6.4-12.8 12.8v198.4c0 6.4 6.4 12.8 12.8 12.8zm96 0h22.4c6.4 0 12.8-6.4 12.8-12.8V204.8c0-6.4-6.4-12.8-12.8-12.8h-22.4c-6.4 0-12.8 6.4-12.8 12.8v134.4c0 6.4 6.4 12.8 12.8 12.8zM496 400H48V80c0-8.84-7.16-16-16-16H16C7.16 64 0 71.16 0 80v336c0 17.67 14.33 32 32 32h464c8.84 0 16-7.16 16-16v-16c0-8.84-7.16-16-16-16zm-387.2-48h22.4c6.4 0 12.8-6.4 12.8-12.8v-70.4c0-6.4-6.4-12.8-12.8-12.8h-22.4c-6.4 0-12.8 6.4-12.8 12.8v70.4c0 6.4 6.4 12.8 12.8 12.8z\" class=\"\"><\/path><\/svg><\/i> <img decoding=\"async\" width=\"16\" height=\"16\" alt=\"Loading\" src=\"https:\/\/www.colombiasostenible.gov.co\/programa\/wp-content\/plugins\/page-views-count\/ajax-loader-2x.gif\" border=0 \/><\/p><div class=\"pvc_clear\"><\/div>","protected":false},"excerpt":{"rendered":"<p>Familias campesinas, ind\u00edgenas y afrocolombianas producen Lim\u00f3n Tahit\u00ed y Aguacate Hass implementando buenas pr\u00e1cticas agr\u00edcolas para contribuir con el desarrollo sostenible de su regi\u00f3n y aportar al Acuerdo de Paz. El Tambo (Cauca), junio 06 de 2024 &#8211; @Col_Sostenible1 En un esfuerzo por mejorar la competitividad y los ingresos de 106 familias campesinas, ind\u00edgenas y [&hellip;]<\/p>\n<div class=\"pvc_clear\"><\/div>\n<p id=\"pvc_stats_4468\" class=\"pvc_stats all  \" data-element-id=\"4468\" style=\"\"><i class=\"pvc-stats-icon medium\" aria-hidden=\"true\"><svg aria-hidden=\"true\" focusable=\"false\" data-prefix=\"far\" data-icon=\"chart-bar\" role=\"img\" xmlns=\"http:\/\/www.w3.org\/2000\/svg\" viewBox=\"0 0 512 512\" class=\"svg-inline--fa fa-chart-bar fa-w-16 fa-2x\"><path fill=\"currentColor\" d=\"M396.8 352h22.4c6.4 0 12.8-6.4 12.8-12.8V108.8c0-6.4-6.4-12.8-12.8-12.8h-22.4c-6.4 0-12.8 6.4-12.8 12.8v230.4c0 6.4 6.4 12.8 12.8 12.8zm-192 0h22.4c6.4 0 12.8-6.4 12.8-12.8V140.8c0-6.4-6.4-12.8-12.8-12.8h-22.4c-6.4 0-12.8 6.4-12.8 12.8v198.4c0 6.4 6.4 12.8 12.8 12.8zm96 0h22.4c6.4 0 12.8-6.4 12.8-12.8V204.8c0-6.4-6.4-12.8-12.8-12.8h-22.4c-6.4 0-12.8 6.4-12.8 12.8v134.4c0 6.4 6.4 12.8 12.8 12.8zM496 400H48V80c0-8.84-7.16-16-16-16H16C7.16 64 0 71.16 0 80v336c0 17.67 14.33 32 32 32h464c8.84 0 16-7.16 16-16v-16c0-8.84-7.16-16-16-16zm-387.2-48h22.4c6.4 0 12.8-6.4 12.8-12.8v-70.4c0-6.4-6.4-12.8-12.8-12.8h-22.4c-6.4 0-12.8 6.4-12.8 12.8v70.4c0 6.4 6.4 12.8 12.8 12.8z\" class=\"\"><\/path><\/svg><\/i> <img decoding=\"async\" width=\"16\" height=\"16\" alt=\"Loading\" src=\"https:\/\/www.colombiasostenible.gov.co\/programa\/wp-content\/plugins\/page-views-count\/ajax-loader-2x.gif\" border=0 \/><\/p>\n<div class=\"pvc_clear\"><\/div>\n","protected":false},"author":1,"featured_media":4471,"comment_status":"closed","ping_status":"closed","sticky":false,"template":"","format":"standard","meta":{"_et_pb_use_builder":"off","_et_pb_old_content":"","_et_gb_content_width":"","footnotes":""},"categories":[5],"tags":[121,22,15,122,19,97,8,7,12,9],"class_list":["post-4468","post","type-post","status-publish","format-standard","has-post-thumbnail","hentry","category-noticias","tag-aguacate","tag-conservacion","tag-desarrollo-rural","tag-limon","tag-medio-ambiente","tag-noticia","tag-paz","tag-pdet","tag-produccion-sostenible","tag-sostenibilidad"],"acf":[],"cp_meta_data":{"_edit_lock":["1717786872:1"],"tpg-post-view-count":["1487"],"rank_math_internal_links_processed":["1"],"rank_math_primary_category":["5"],"rank_math_seo_score":["9"],"_rttpg_block_active":["1","1"],"_rttpg_block_css":["",""],"footnotes":[""],"_thumbnail_id":["4471"],"_et_pb_use_builder":["off"],"_et_pb_old_content":[""],"_et_gb_content_width":[""],"_edit_last":["1"],"_a3_pvc_activated":["true"],"_et_post_bg_color":["#ffffff"],"_et_post_bg_layout":["light"],"_et_pb_show_title":["on"],"_et_pb_post_hide_nav":["default"],"_et_pb_page_layout":["et_right_sidebar"],"_et_pb_side_nav":["off"],"_et_dynamic_cached_shortcodes":["a:0:{}"],"_et_dynamic_cached_attributes":["a:8:{s:4:\"meta\";s:3:\"off\";s:14:\"featured_image\";s:3:\"off\";s:10:\"title_font\";s:11:\"|700|||||||\";s:16:\"title_text_align\";s:6:\"center\";s:16:\"title_text_color\";s:7:\"#FFFFFF\";s:15:\"title_font_size\";s:4:\"28px\";s:13:\"custom_margin\";s:10:\"-28px|||||\";s:5:\"title\";s:2:\"on\";}"]},"rttpg_featured_image_url":{"full":["https:\/\/www.colombiasostenible.gov.co\/programa\/wp-content\/uploads\/2024\/06\/Cultivo-limon-Tahiti-El-Tambo-5302-scaled.jpg",2560,1920,false],"landscape":["https:\/\/www.colombiasostenible.gov.co\/programa\/wp-content\/uploads\/2024\/06\/Cultivo-limon-Tahiti-El-Tambo-5302-scaled.jpg",2560,1920,false],"portraits":["https:\/\/www.colombiasostenible.gov.co\/programa\/wp-content\/uploads\/2024\/06\/Cultivo-limon-Tahiti-El-Tambo-5302-scaled.jpg",2560,1920,false],"thumbnail":["https:\/\/www.colombiasostenible.gov.co\/programa\/wp-content\/uploads\/2024\/06\/Cultivo-limon-Tahiti-El-Tambo-5302-150x150.jpg",150,150,true],"medium":["https:\/\/www.colombiasostenible.gov.co\/programa\/wp-content\/uploads\/2024\/06\/Cultivo-limon-Tahiti-El-Tambo-5302-300x225.jpg",300,225,true],"large":["https:\/\/www.colombiasostenible.gov.co\/programa\/wp-content\/uploads\/2024\/06\/Cultivo-limon-Tahiti-El-Tambo-5302-1024x768.jpg",1024,768,true],"ctl_avatar":["https:\/\/www.colombiasostenible.gov.co\/programa\/wp-content\/uploads\/2024\/06\/Cultivo-limon-Tahiti-El-Tambo-5302-250x250.jpg",250,250,true],"1536x1536":["https:\/\/www.colombiasostenible.gov.co\/programa\/wp-content\/uploads\/2024\/06\/Cultivo-limon-Tahiti-El-Tambo-5302-1536x1152.jpg",1536,1152,true],"2048x2048":["https:\/\/www.colombiasostenible.gov.co\/programa\/wp-content\/uploads\/2024\/06\/Cultivo-limon-Tahiti-El-Tambo-5302-2048x1536.jpg",2048,1536,true],"et-pb-post-main-image":["https:\/\/www.colombiasostenible.gov.co\/programa\/wp-content\/uploads\/2024\/06\/Cultivo-limon-Tahiti-El-Tambo-5302-400x250.jpg",400,250,true],"et-pb-post-main-image-fullwidth":["https:\/\/www.colombiasostenible.gov.co\/programa\/wp-content\/uploads\/2024\/06\/Cultivo-limon-Tahiti-El-Tambo-5302-1080x675.jpg",1080,675,true],"et-pb-portfolio-image":["https:\/\/www.colombiasostenible.gov.co\/programa\/wp-content\/uploads\/2024\/06\/Cultivo-limon-Tahiti-El-Tambo-5302-400x284.jpg",400,284,true],"et-pb-portfolio-module-image":["https:\/\/www.colombiasostenible.gov.co\/programa\/wp-content\/uploads\/2024\/06\/Cultivo-limon-Tahiti-El-Tambo-5302-510x382.jpg",510,382,true],"et-pb-portfolio-image-single":["https:\/\/www.colombiasostenible.gov.co\/programa\/wp-content\/uploads\/2024\/06\/Cultivo-limon-Tahiti-El-Tambo-5302-1080x810.jpg",1080,810,true],"et-pb-gallery-module-image-portrait":["https:\/\/www.colombiasostenible.gov.co\/programa\/wp-content\/uploads\/2024\/06\/Cultivo-limon-Tahiti-El-Tambo-5302-400x516.jpg",400,516,true],"et-pb-post-main-image-fullwidth-large":["https:\/\/www.colombiasostenible.gov.co\/programa\/wp-content\/uploads\/2024\/06\/Cultivo-limon-Tahiti-El-Tambo-5302-2880x1800.jpg",2880,1800,true],"et-pb-image--responsive--desktop":["https:\/\/www.colombiasostenible.gov.co\/programa\/wp-content\/uploads\/2024\/06\/Cultivo-limon-Tahiti-El-Tambo-5302-1280x960.jpg",960,720,true],"et-pb-image--responsive--tablet":["https:\/\/www.colombiasostenible.gov.co\/programa\/wp-content\/uploads\/2024\/06\/Cultivo-limon-Tahiti-El-Tambo-5302-980x735.jpg",735,551,true],"et-pb-image--responsive--phone":["https:\/\/www.colombiasostenible.gov.co\/programa\/wp-content\/uploads\/2024\/06\/Cultivo-limon-Tahiti-El-Tambo-5302-480x360.jpg",360,270,true]},"rttpg_author":{"display_name":"admin","author_link":"https:\/\/www.colombiasostenible.gov.co\/programa\/author\/admincolsos-programa\/"},"rttpg_comment":0,"rttpg_category":"<a href=\"https:\/\/www.colombiasostenible.gov.co\/programa\/category\/noticias\/\" rel=\"category tag\">Noticias<\/a>","rttpg_excerpt":"Familias campesinas, ind\u00edgenas y afrocolombianas producen Lim\u00f3n Tahit\u00ed y Aguacate Hass implementando buenas pr\u00e1cticas agr\u00edcolas para contribuir con el desarrollo sostenible de su regi\u00f3n y aportar al Acuerdo de Paz. El Tambo (Cauca), junio 06 de 2024 &#8211; @Col_Sostenible1 En un esfuerzo por mejorar la competitividad y los ingresos de 106 familias campesinas, ind\u00edgenas y&hellip;","_links":{"self":[{"href":"https:\/\/www.colombiasostenible.gov.co\/programa\/wp-json\/wp\/v2\/posts\/4468","targetHints":{"allow":["GET"]}}],"collection":[{"href":"https:\/\/www.colombiasostenible.gov.co\/programa\/wp-json\/wp\/v2\/posts"}],"about":[{"href":"https:\/\/www.colombiasostenible.gov.co\/programa\/wp-json\/wp\/v2\/types\/post"}],"author":[{"embeddable":true,"href":"https:\/\/www.colombiasostenible.gov.co\/programa\/wp-json\/wp\/v2\/users\/1"}],"replies":[{"embeddable":true,"href":"https:\/\/www.colombiasostenible.gov.co\/programa\/wp-json\/wp\/v2\/comments?post=4468"}],"version-history":[{"count":2,"href":"https:\/\/www.colombiasostenible.gov.co\/programa\/wp-json\/wp\/v2\/posts\/4468\/revisions"}],"predecessor-version":[{"id":4475,"href":"https:\/\/www.colombiasostenible.gov.co\/programa\/wp-json\/wp\/v2\/posts\/4468\/revisions\/4475"}],"wp:featuredmedia":[{"embeddable":true,"href":"https:\/\/www.colombiasostenible.gov.co\/programa\/wp-json\/wp\/v2\/media\/4471"}],"wp:attachment":[{"href":"https:\/\/www.colombiasostenible.gov.co\/programa\/wp-json\/wp\/v2\/media?parent=4468"}],"wp:term":[{"taxonomy":"category","embeddable":true,"href":"https:\/\/www.colombiasostenible.gov.co\/programa\/wp-json\/wp\/v2\/categories?post=4468"},{"taxonomy":"post_tag","embeddable":true,"href":"https:\/\/www.colombiasostenible.gov.co\/programa\/wp-json\/wp\/v2\/tags?post=4468"}],"curies":[{"name":"wp","href":"https:\/\/api.w.org\/{rel}","templated":true}]}}