{"id":4689,"date":"2024-08-20T10:09:24","date_gmt":"2024-08-20T15:09:24","guid":{"rendered":"https:\/\/www.colombiasostenible.gov.co\/programa\/?p=4689"},"modified":"2024-08-20T10:10:18","modified_gmt":"2024-08-20T15:10:18","slug":"indigenas-nasa-restauran-bosque-del-departamento-del-cauca-para-proteger-corrientes-hidricas","status":"publish","type":"post","link":"https:\/\/www.colombiasostenible.gov.co\/programa\/2024\/08\/20\/indigenas-nasa-restauran-bosque-del-departamento-del-cauca-para-proteger-corrientes-hidricas\/","title":{"rendered":"Ind\u00edgenas Nasa restauran bosque del departamento del Cauca para proteger corrientes h\u00eddricas"},"content":{"rendered":"\n<p><em>Son m\u00e1s de dos mil hect\u00e1reas de bosque con nacederos de agua, corrientes h\u00eddricas y el h\u00e1bitat de especies de fauna y flora en el suroccidente del pa\u00eds.<\/em><\/p>\n\n\n\n<p><strong>Torib\u00edo (Cauca), 20 de agosto de 2024. @Col_Sostenible1<\/strong><\/p>\n\n\n\n<p>Ciento treinta y cinco familias de la Asociaci\u00f3n de Cabildos Ind\u00edgenas de Torib\u00edo, Tacuey\u00f3 y San Francisco, conocidos como el \u201cProyecto Nasa\u201d, vienen restaurando el bosque para proteger la zona de recarga acu\u00edfera de la subcuenca del r\u00edo Palo, una iniciativa que recibe apoyo econ\u00f3mico del Programa Colombia Sostenible (PCS) del Fondo Colombia en Paz (FCP) y el Banco Interamericano de Desarrollo (BID).<\/p>\n\n\n\n<p>Wilmer Leal P\u00e9rez, director del Fondo Colombia en Paz, manifest\u00f3 que \u201ccon los proyectos de Colombia Sostenible estamos protegiendo los bosques y apoyando a miles de familias resilientes en municipios que sufrieron la guerra en otrora y que hoy, en el Gobierno del Cambio, est\u00e1n transformando sus econom\u00edas populares y cuidando el medio ambiente\u201d.<\/p>\n\n\n\n<p>Con el proyecto se han protegido en total 2.238 hect\u00e1reas de bosque Andino y p\u00e1ramos que abastecen de agua a 30 bocatomas y dos acueductos. Estos favorecen a cerca de 3.000 familias en la zona y afianzan la conciencia colectiva de esta comunidad ind\u00edgena en la preservaci\u00f3n de los recursos naturales, prop\u00f3sito indispensable para el cumplimiento del Acuerdo de Paz, firmado en 2016 entre el Estado colombiano y las extintas Farc.<\/p>\n\n\n\n<figure class=\"wp-block-image aligncenter size-large is-resized\"><img decoding=\"async\" src=\"https:\/\/www.colombiasostenible.gov.co\/programa\/wp-content\/uploads\/2024\/08\/Restauracion-Toribio-8-1024x768.jpg\" alt=\"\" class=\"wp-image-4691\" style=\"width:648px;height:486px\" width=\"648\" height=\"486\"\/><\/figure>\n\n\n\n<p>Se revegetalizaron 150 hect\u00e1reas de potreros, lo cual permiti\u00f3 conectar bosques, proteger 62 nacimientos de agua y conservar 20 kil\u00f3metros de corrientes h\u00eddricas en la cuenca alta del r\u00edo Cauca. Adem\u00e1s, se construyeron planes de monitoreo en un trabajo articulado entre expertos ambientales y la comunidad Nasa para preservar tambi\u00e9n sus conocimientos ancestrales.<\/p>\n\n\n\n<p>Para Arnuldo Trochez, beneficiario en la vereda El Culebrero, antes del proyecto no hab\u00eda conciencia del impacto ambiental que genera la ganader\u00eda extensiva. \u201cPero ahora, mirando el tema del clima que casi no llueve, que nos explicaron tantas cosas, yo dej\u00e9 5 hect\u00e1reas de mi finca para sembrar \u00e1rboles y cuidar el bosque\u201d, relat\u00f3.<\/p>\n\n\n\n<p>Entre los logros m\u00e1s destacados se encuentra la caracterizaci\u00f3n de la biodiversidad local, identificando 501 especies de plantas vasculares, 231 especies de aves y 17 especies de mam\u00edferos en grado de amenaza vulnerable, entre otros. Este proceso de co-investigaci\u00f3n con la comunidad ha fortalecido el reconocimiento de la riqueza natural del territorio y la importancia de su conservaci\u00f3n.<\/p>\n\n\n\n<figure class=\"wp-block-image aligncenter size-large is-resized\"><img decoding=\"async\" src=\"https:\/\/www.colombiasostenible.gov.co\/programa\/wp-content\/uploads\/2024\/08\/Restauracion-Toribio-4-1024x768.jpg\" alt=\"\" class=\"wp-image-4692\" style=\"width:688px;height:516px\" width=\"688\" height=\"516\"\/><\/figure>\n\n\n\n<p>El proyecto tambi\u00e9n ha tenido un impacto social significativo, dinamizando la econom\u00eda local, empoderando a las mujeres en roles de liderazgo y fortaleciendo la gobernanza ambiental. Se conform\u00f3 una red de protectores de los espacios de vida y se desarrollaron planes de uso responsable para diez \u00e1reas protegidas.<\/p>\n\n\n\n<p>Esta iniciativa demuestra c\u00f3mo la colaboraci\u00f3n entre comunidades ind\u00edgenas, organizaciones ambientales y entidades gubernamentales puede generar impactos positivos en la conservaci\u00f3n de ecosistemas estrat\u00e9gicos y el desarrollo sostenible de las comunidades locales.<\/p>\n\n\n\n<p>Se invierten m\u00e1s de $2.282 millones, de los cuales el Programa Colombia Sostenible aporta $1.597 millones, los cuales son administrados por la Corporaci\u00f3n para la sostenibilidad de la subcuenca del r\u00edo Palo (Corpopalo) e invertidos en insumos, herramientas y equipos necesarios para cumplir las metas del proyecto.<\/p>\n\n\n\n<p>La iniciativa se perfila como un modelo de intervenci\u00f3n para proteger bosques y ecosistemas estrat\u00e9gicos en zonas afectadas por el conflicto armado en Colombia y, as\u00ed, aportar al cumplimiento del Acuerdo de Paz.<\/p>\n\n\n\n<figure class=\"wp-block-image aligncenter size-full is-resized\"><img decoding=\"async\" src=\"https:\/\/www.colombiasostenible.gov.co\/programa\/wp-content\/uploads\/2024\/08\/Restauracion-Toribio-3.jpg\" alt=\"\" class=\"wp-image-4693\" style=\"width:396px;height:528px\" width=\"396\" height=\"528\"\/><\/figure>\n\n\n\n<p><strong>Sobre el Programa Colombia Sostenible<\/strong><\/p>\n\n\n\n<p>El Programa Colombia Sostenible es una iniciativa del Gobierno Nacional que ejecuta el Fondo Colombia en Paz y que actualmente cofinancia alrededor de 200 proyectos agroambientales, los cuales benefician a m\u00e1s de 37 mil familias rurales.<\/p>\n\n\n\n<p>Su \u00e1rea priorizada de intervenci\u00f3n corresponde a los 170 municipios PDET y su financiaci\u00f3n proviene del Pr\u00e9stamo a la Naci\u00f3n 4424\/OC-CO del Banco Interamericano de Desarrollo. Esta operaci\u00f3n multisectorial cuenta con el apoyo y participaci\u00f3n de los Ministerios de Agricultura, Ambiente y Hacienda; el Departamento Nacional de Planeaci\u00f3n (DNP), APC-Colombia y la Oficina del Consejero Comisionado de Paz.<\/p>\n\n\n\n<p><strong>Sobre el Fondo Colombia en Paz<\/strong><\/p>\n\n\n\n<p>El Fondo Colombia en Paz (FCP) es un veh\u00edculo financiero creado con ocasi\u00f3n de la firma del Acuerdo de Paz en 2016. La creaci\u00f3n del FCP tiene origen legal en el Decreto Ley 691 de 2017 y su objeto consiste en garantizar la eficiencia y eficacia en la administraci\u00f3n, coordinaci\u00f3n, focalizaci\u00f3n y ejecuci\u00f3n de los recursos destinados a la implementaci\u00f3n del Acuerdo Final, conforme al Plan Marco de Implementaci\u00f3n (PMI).<\/p>\n\n\n\n<p>Fin (adp)<\/p>\n<div class=\"pvc_clear\"><\/div><p id=\"pvc_stats_4689\" class=\"pvc_stats all  \" data-element-id=\"4689\" style=\"\"><i class=\"pvc-stats-icon medium\" aria-hidden=\"true\"><svg aria-hidden=\"true\" focusable=\"false\" data-prefix=\"far\" data-icon=\"chart-bar\" role=\"img\" xmlns=\"http:\/\/www.w3.org\/2000\/svg\" viewBox=\"0 0 512 512\" class=\"svg-inline--fa fa-chart-bar fa-w-16 fa-2x\"><path fill=\"currentColor\" d=\"M396.8 352h22.4c6.4 0 12.8-6.4 12.8-12.8V108.8c0-6.4-6.4-12.8-12.8-12.8h-22.4c-6.4 0-12.8 6.4-12.8 12.8v230.4c0 6.4 6.4 12.8 12.8 12.8zm-192 0h22.4c6.4 0 12.8-6.4 12.8-12.8V140.8c0-6.4-6.4-12.8-12.8-12.8h-22.4c-6.4 0-12.8 6.4-12.8 12.8v198.4c0 6.4 6.4 12.8 12.8 12.8zm96 0h22.4c6.4 0 12.8-6.4 12.8-12.8V204.8c0-6.4-6.4-12.8-12.8-12.8h-22.4c-6.4 0-12.8 6.4-12.8 12.8v134.4c0 6.4 6.4 12.8 12.8 12.8zM496 400H48V80c0-8.84-7.16-16-16-16H16C7.16 64 0 71.16 0 80v336c0 17.67 14.33 32 32 32h464c8.84 0 16-7.16 16-16v-16c0-8.84-7.16-16-16-16zm-387.2-48h22.4c6.4 0 12.8-6.4 12.8-12.8v-70.4c0-6.4-6.4-12.8-12.8-12.8h-22.4c-6.4 0-12.8 6.4-12.8 12.8v70.4c0 6.4 6.4 12.8 12.8 12.8z\" class=\"\"><\/path><\/svg><\/i> <img decoding=\"async\" width=\"16\" height=\"16\" alt=\"Loading\" src=\"https:\/\/www.colombiasostenible.gov.co\/programa\/wp-content\/plugins\/page-views-count\/ajax-loader-2x.gif\" border=0 \/><\/p><div class=\"pvc_clear\"><\/div>","protected":false},"excerpt":{"rendered":"<p>Son m\u00e1s de dos mil hect\u00e1reas de bosque con nacederos de agua, corrientes h\u00eddricas y el h\u00e1bitat de especies de fauna y flora en el suroccidente del pa\u00eds. Torib\u00edo (Cauca), 20 de agosto de 2024. @Col_Sostenible1 Ciento treinta y cinco familias de la Asociaci\u00f3n de Cabildos Ind\u00edgenas de Torib\u00edo, Tacuey\u00f3 y San Francisco, conocidos como [&hellip;]<\/p>\n<div class=\"pvc_clear\"><\/div>\n<p id=\"pvc_stats_4689\" class=\"pvc_stats all  \" data-element-id=\"4689\" style=\"\"><i class=\"pvc-stats-icon medium\" aria-hidden=\"true\"><svg aria-hidden=\"true\" focusable=\"false\" data-prefix=\"far\" data-icon=\"chart-bar\" role=\"img\" xmlns=\"http:\/\/www.w3.org\/2000\/svg\" viewBox=\"0 0 512 512\" class=\"svg-inline--fa fa-chart-bar fa-w-16 fa-2x\"><path fill=\"currentColor\" d=\"M396.8 352h22.4c6.4 0 12.8-6.4 12.8-12.8V108.8c0-6.4-6.4-12.8-12.8-12.8h-22.4c-6.4 0-12.8 6.4-12.8 12.8v230.4c0 6.4 6.4 12.8 12.8 12.8zm-192 0h22.4c6.4 0 12.8-6.4 12.8-12.8V140.8c0-6.4-6.4-12.8-12.8-12.8h-22.4c-6.4 0-12.8 6.4-12.8 12.8v198.4c0 6.4 6.4 12.8 12.8 12.8zm96 0h22.4c6.4 0 12.8-6.4 12.8-12.8V204.8c0-6.4-6.4-12.8-12.8-12.8h-22.4c-6.4 0-12.8 6.4-12.8 12.8v134.4c0 6.4 6.4 12.8 12.8 12.8zM496 400H48V80c0-8.84-7.16-16-16-16H16C7.16 64 0 71.16 0 80v336c0 17.67 14.33 32 32 32h464c8.84 0 16-7.16 16-16v-16c0-8.84-7.16-16-16-16zm-387.2-48h22.4c6.4 0 12.8-6.4 12.8-12.8v-70.4c0-6.4-6.4-12.8-12.8-12.8h-22.4c-6.4 0-12.8 6.4-12.8 12.8v70.4c0 6.4 6.4 12.8 12.8 12.8z\" class=\"\"><\/path><\/svg><\/i> <img decoding=\"async\" width=\"16\" height=\"16\" alt=\"Loading\" src=\"https:\/\/www.colombiasostenible.gov.co\/programa\/wp-content\/plugins\/page-views-count\/ajax-loader-2x.gif\" border=0 \/><\/p>\n<div class=\"pvc_clear\"><\/div>\n","protected":false},"author":1,"featured_media":4690,"comment_status":"closed","ping_status":"closed","sticky":false,"template":"","format":"standard","meta":{"_et_pb_use_builder":"off","_et_pb_old_content":"","_et_gb_content_width":"","footnotes":""},"categories":[5],"tags":[82,22,15,19,8,47,9],"class_list":["post-4689","post","type-post","status-publish","format-standard","has-post-thumbnail","hentry","category-noticias","tag-bosques","tag-conservacion","tag-desarrollo-rural","tag-medio-ambiente","tag-paz","tag-restauracion","tag-sostenibilidad"],"acf":[],"cp_meta_data":{"_edit_lock":["1724181362:1"],"tpg-post-view-count":["1553"],"rank_math_internal_links_processed":["1"],"rank_math_seo_score":["10"],"_rttpg_block_active":["1","1"],"_rttpg_block_css":["",""],"footnotes":[""],"_thumbnail_id":["4690"],"_et_pb_use_builder":["off"],"_et_pb_old_content":[""],"_et_gb_content_width":[""],"_edit_last":["1"],"_a3_pvc_activated":["true"],"_et_post_bg_color":["#ffffff"],"_et_post_bg_layout":["light"],"_et_pb_show_title":["on"],"_et_pb_post_hide_nav":["default"],"_et_pb_page_layout":["et_right_sidebar"],"_et_pb_side_nav":["off"],"rank_math_primary_category":["5"],"_et_dynamic_cached_shortcodes":["a:0:{}"],"_et_dynamic_cached_attributes":["a:8:{s:4:\"meta\";s:3:\"off\";s:14:\"featured_image\";s:3:\"off\";s:10:\"title_font\";s:11:\"|700|||||||\";s:16:\"title_text_align\";s:6:\"center\";s:16:\"title_text_color\";s:7:\"#FFFFFF\";s:15:\"title_font_size\";s:4:\"28px\";s:13:\"custom_margin\";s:10:\"-28px|||||\";s:5:\"title\";s:2:\"on\";}"]},"rttpg_featured_image_url":{"full":["https:\/\/www.colombiasostenible.gov.co\/programa\/wp-content\/uploads\/2024\/08\/Restauracion-Toribio-1.jpg",1249,937,false],"landscape":["https:\/\/www.colombiasostenible.gov.co\/programa\/wp-content\/uploads\/2024\/08\/Restauracion-Toribio-1.jpg",1249,937,false],"portraits":["https:\/\/www.colombiasostenible.gov.co\/programa\/wp-content\/uploads\/2024\/08\/Restauracion-Toribio-1.jpg",1249,937,false],"thumbnail":["https:\/\/www.colombiasostenible.gov.co\/programa\/wp-content\/uploads\/2024\/08\/Restauracion-Toribio-1-150x150.jpg",150,150,true],"medium":["https:\/\/www.colombiasostenible.gov.co\/programa\/wp-content\/uploads\/2024\/08\/Restauracion-Toribio-1-300x225.jpg",300,225,true],"large":["https:\/\/www.colombiasostenible.gov.co\/programa\/wp-content\/uploads\/2024\/08\/Restauracion-Toribio-1-1024x768.jpg",1024,768,true],"ctl_avatar":["https:\/\/www.colombiasostenible.gov.co\/programa\/wp-content\/uploads\/2024\/08\/Restauracion-Toribio-1-250x250.jpg",250,250,true],"1536x1536":["https:\/\/www.colombiasostenible.gov.co\/programa\/wp-content\/uploads\/2024\/08\/Restauracion-Toribio-1.jpg",1249,937,false],"2048x2048":["https:\/\/www.colombiasostenible.gov.co\/programa\/wp-content\/uploads\/2024\/08\/Restauracion-Toribio-1.jpg",1249,937,false],"et-pb-post-main-image":["https:\/\/www.colombiasostenible.gov.co\/programa\/wp-content\/uploads\/2024\/08\/Restauracion-Toribio-1-400x250.jpg",400,250,true],"et-pb-post-main-image-fullwidth":["https:\/\/www.colombiasostenible.gov.co\/programa\/wp-content\/uploads\/2024\/08\/Restauracion-Toribio-1-1080x675.jpg",1080,675,true],"et-pb-portfolio-image":["https:\/\/www.colombiasostenible.gov.co\/programa\/wp-content\/uploads\/2024\/08\/Restauracion-Toribio-1-400x284.jpg",400,284,true],"et-pb-portfolio-module-image":["https:\/\/www.colombiasostenible.gov.co\/programa\/wp-content\/uploads\/2024\/08\/Restauracion-Toribio-1-510x382.jpg",510,382,true],"et-pb-portfolio-image-single":["https:\/\/www.colombiasostenible.gov.co\/programa\/wp-content\/uploads\/2024\/08\/Restauracion-Toribio-1-1080x810.jpg",1080,810,true],"et-pb-gallery-module-image-portrait":["https:\/\/www.colombiasostenible.gov.co\/programa\/wp-content\/uploads\/2024\/08\/Restauracion-Toribio-1-400x516.jpg",400,516,true],"et-pb-post-main-image-fullwidth-large":["https:\/\/www.colombiasostenible.gov.co\/programa\/wp-content\/uploads\/2024\/08\/Restauracion-Toribio-1.jpg",1249,937,false],"et-pb-image--responsive--desktop":["https:\/\/www.colombiasostenible.gov.co\/programa\/wp-content\/uploads\/2024\/08\/Restauracion-Toribio-1.jpg",960,720,false],"et-pb-image--responsive--tablet":["https:\/\/www.colombiasostenible.gov.co\/programa\/wp-content\/uploads\/2024\/08\/Restauracion-Toribio-1-980x735.jpg",735,551,true],"et-pb-image--responsive--phone":["https:\/\/www.colombiasostenible.gov.co\/programa\/wp-content\/uploads\/2024\/08\/Restauracion-Toribio-1-480x360.jpg",360,270,true]},"rttpg_author":{"display_name":"admin","author_link":"https:\/\/www.colombiasostenible.gov.co\/programa\/author\/admincolsos-programa\/"},"rttpg_comment":0,"rttpg_category":"<a href=\"https:\/\/www.colombiasostenible.gov.co\/programa\/category\/noticias\/\" rel=\"category tag\">Noticias<\/a>","rttpg_excerpt":"Son m\u00e1s de dos mil hect\u00e1reas de bosque con nacederos de agua, corrientes h\u00eddricas y el h\u00e1bitat de especies de fauna y flora en el suroccidente del pa\u00eds. Torib\u00edo (Cauca), 20 de agosto de 2024. @Col_Sostenible1 Ciento treinta y cinco familias de la Asociaci\u00f3n de Cabildos Ind\u00edgenas de Torib\u00edo, Tacuey\u00f3 y San Francisco, conocidos como&hellip;","_links":{"self":[{"href":"https:\/\/www.colombiasostenible.gov.co\/programa\/wp-json\/wp\/v2\/posts\/4689","targetHints":{"allow":["GET"]}}],"collection":[{"href":"https:\/\/www.colombiasostenible.gov.co\/programa\/wp-json\/wp\/v2\/posts"}],"about":[{"href":"https:\/\/www.colombiasostenible.gov.co\/programa\/wp-json\/wp\/v2\/types\/post"}],"author":[{"embeddable":true,"href":"https:\/\/www.colombiasostenible.gov.co\/programa\/wp-json\/wp\/v2\/users\/1"}],"replies":[{"embeddable":true,"href":"https:\/\/www.colombiasostenible.gov.co\/programa\/wp-json\/wp\/v2\/comments?post=4689"}],"version-history":[{"count":1,"href":"https:\/\/www.colombiasostenible.gov.co\/programa\/wp-json\/wp\/v2\/posts\/4689\/revisions"}],"predecessor-version":[{"id":4694,"href":"https:\/\/www.colombiasostenible.gov.co\/programa\/wp-json\/wp\/v2\/posts\/4689\/revisions\/4694"}],"wp:featuredmedia":[{"embeddable":true,"href":"https:\/\/www.colombiasostenible.gov.co\/programa\/wp-json\/wp\/v2\/media\/4690"}],"wp:attachment":[{"href":"https:\/\/www.colombiasostenible.gov.co\/programa\/wp-json\/wp\/v2\/media?parent=4689"}],"wp:term":[{"taxonomy":"category","embeddable":true,"href":"https:\/\/www.colombiasostenible.gov.co\/programa\/wp-json\/wp\/v2\/categories?post=4689"},{"taxonomy":"post_tag","embeddable":true,"href":"https:\/\/www.colombiasostenible.gov.co\/programa\/wp-json\/wp\/v2\/tags?post=4689"}],"curies":[{"name":"wp","href":"https:\/\/api.w.org\/{rel}","templated":true}]}}