{"id":5701,"date":"2025-09-05T13:52:00","date_gmt":"2025-09-05T18:52:00","guid":{"rendered":"https:\/\/www.colombiasostenible.gov.co\/programa\/?p=5701"},"modified":"2025-09-09T13:59:14","modified_gmt":"2025-09-09T18:59:14","slug":"comunidades-indigenas-del-sur-de-cordoba-impulsan-la-construccion-de-paz-a-traves-de-un-innovador-proyecto-piscicola","status":"publish","type":"post","link":"https:\/\/www.colombiasostenible.gov.co\/programa\/2025\/09\/05\/comunidades-indigenas-del-sur-de-cordoba-impulsan-la-construccion-de-paz-a-traves-de-un-innovador-proyecto-piscicola\/","title":{"rendered":"Comunidades Ind\u00edgenas del sur de C\u00f3rdoba impulsan la Construcci\u00f3n de Paz a trav\u00e9s de un innovador proyecto pisc\u00edcola"},"content":{"rendered":"\n<p><em>Mediante la producci\u00f3n sostenible de bocachico y cachama cien familias ind\u00edgenas buscan mejorar su calidad de vida y contribuir con la conservaci\u00f3n del bosque y el desarrollo rural sostenible en una de las zonas m\u00e1s afectadas por el conflicto armado.<\/em><\/p>\n\n\n\n<p><strong>Puerto Libertador (C\u00f3rdoba), septiembre 05 de 2025 &nbsp;\u2013 @Col_Sostenible1<\/strong><\/p>\n\n\n\n<p>Como ejemplo de resiliencia y empoderamiento, cien familias ind\u00edgenas del Cabildo Santa Fe Alto San Jorge en Puerto Libertador, C\u00f3rdoba, desarrollan un policultivo de cachama y bocachico, un innovador motor de transformaci\u00f3n territorial y cambio social que tiene a la sostenibilidad como su eje principal.<\/p>\n\n\n\n<p>La inversi\u00f3n total se acerca a los $2.100 millones, hace parte del portafolio de proyectos del Programa Colombia Sostenible del Fondo Colombia en Paz y el Banco Interamericano de Desarrollo, para contribuir con la conservaci\u00f3n del bosque, el desarrollo sostenible y el cumplimiento del Acuerdo de Paz.<\/p>\n\n\n\n<p>En este emprendimiento rural se adecuaron cuatro (4) estanques en tierra, reflejando la asociatividad y liderazgo colectivo de esta comunidad \u00e9tnica, que, logr\u00f3 la conformaci\u00f3n de la Asociaci\u00f3n de Productores y Comercializadores Pisc\u00edcolas del Cabildo Ind\u00edgena (Aspcopisfe), con el fin de fortalecer sus capacidades socioempresariales y as\u00ed asegurar el acceso a nuevos mercados m\u00e1s justos y competitivos.<\/p>\n\n\n\n<figure class=\"wp-block-image aligncenter size-large is-resized\"><img decoding=\"async\" width=\"768\" height=\"1024\" src=\"https:\/\/www.colombiasostenible.gov.co\/programa\/wp-content\/uploads\/2025\/09\/WhatsApp-Image-2025-08-19-at-19.29.13-768x1024.jpeg\" alt=\"\" class=\"wp-image-5703\" style=\"width:437px;height:auto\"\/><\/figure>\n\n\n\n<p>\u201cMe siento complacido de ver que todo este esfuerzo est\u00e1 dando resultado porque ha sido dif\u00edcil, incluso el poder entrar una maquinaria hasta ac\u00e1; hemos tenido que hacer sacrificios para ver esto hecho realidad, as\u00ed que muchas gracias a todos los que nos han apoyado\u201d, dijo Ismael P\u00e9rez, presidente de Aspcopisfe y l\u00edder del proyecto.<\/p>\n\n\n\n<p>Agreg\u00f3 que el anhelo de la asociaci\u00f3n es continuar este legado entre los ni\u00f1os y j\u00f3venes que ven el ejemplo de sus padres \u201cporque ellos son nuestro reemplazo, son el presente y futuro de Colombia para construir esa paz que tanto anhelamos\u201d, puntualiz\u00f3.<\/p>\n\n\n\n<p>Aspcopisfe centra sus esfuerzos en fortalecer su ciclo de comercializaci\u00f3n y ampliar el horizonte de este modelo pisc\u00edcola a mujeres y j\u00f3venes,&nbsp; quienes son pilar fundamental del proceso integral que busca el Programa Colombia Sostenible en sus intervenciones.<\/p>\n\n\n\n<p>Tras cerca de tres (3) a\u00f1os de ejecuci\u00f3n, uno de los principales logros del proyecto es la incursi\u00f3n en innovaci\u00f3n tecnol\u00f3gica para la sostenibilidad, reflejada en la adecuaci\u00f3n de infraestructura productiva clave para la transformaci\u00f3n, corte y fileteado del pescado, una planta dotada con un cuarto fr\u00edo y equipos como congeladores, aireadores, trozadora y empacadora al vac\u00edo, los cuales permiten mejorar el ciclo de comercializaci\u00f3n y agregar valor al producto.<\/p>\n\n\n\n<p>Estas instalaciones cuentan con un sistema solar fotovoltaico (paneles solares) que garantizan la energ\u00eda el\u00e9ctrica en una zona rural apartada que no cuenta con red estable para la prestaci\u00f3n de este servicio.<\/p>\n\n\n\n<figure class=\"wp-block-image aligncenter size-large is-resized\"><img decoding=\"async\" width=\"1024\" height=\"576\" src=\"https:\/\/www.colombiasostenible.gov.co\/programa\/wp-content\/uploads\/2025\/09\/WhatsApp-Image-2025-08-19-at-19.29.17-1024x576.jpeg\" alt=\"\" class=\"wp-image-5704\" style=\"width:555px;height:auto\" srcset=\"https:\/\/www.colombiasostenible.gov.co\/programa\/wp-content\/uploads\/2025\/09\/WhatsApp-Image-2025-08-19-at-19.29.17-980x551.jpeg 980w, https:\/\/www.colombiasostenible.gov.co\/programa\/wp-content\/uploads\/2025\/09\/WhatsApp-Image-2025-08-19-at-19.29.17-480x270.jpeg 480w\" sizes=\"(min-width: 0px) and (max-width: 480px) 480px, (min-width: 481px) and (max-width: 980px) 980px, (min-width: 981px) 1024px, 100vw\" \/><\/figure>\n\n\n\n<p>Adem\u00e1s, el proyecto impulsa procesos sociales de capacitaci\u00f3n integral que buscan el empoderamiento de mujeres como Betty Sand\u00f3n, lideresa del proyecto, quien manifiesta estar \u201cmuy satisfecha con este proyecto; el 60% somos mujeres, muchas de ellas cabeza de hogar, somos mujeres muy berracas que desde el primer d\u00eda hemos trabajado \u2018echando pala\u2019 para hacer estos estanques\u201d.<\/p>\n\n\n\n<p>Betty agreg\u00f3 que poder filetear y empacar al vac\u00edo es \u201cun sue\u00f1o hecho realidad porque a la edad que tengo uno piensa \u2018ya estoy muy viejo para esto\u2019, pero todos los d\u00edas estamos aprendiendo cosas nuevas que nos hacen sentir \u00fatiles y nos recuerdan que s\u00ed podemos \u2018echar pa\u2019lante\u2019 y que la mujer rural es parte fundamental\u201d.<\/p>\n\n\n\n<p>Con esta iniciativa autosostenible se promueve la transformaci\u00f3n de realidades y territorios, impulsando alternativas de vida digna y sostenible, al fortalecer capacidades, mejorar su calidad de vida y demostrar que estos modelos de negocio rural son una herramienta efectiva para el desarrollo local comunitario y sostenible en el sur de C\u00f3rdoba, concluy\u00f3 Mary G\u00f3mez Torres, directora del Programa Colombia Sostenible.<\/p>\n\n\n\n<figure class=\"wp-block-image aligncenter size-large is-resized\"><img decoding=\"async\" width=\"1024\" height=\"768\" src=\"https:\/\/www.colombiasostenible.gov.co\/programa\/wp-content\/uploads\/2025\/09\/WhatsApp-Image-2025-08-19-at-19.29.11-1024x768.jpeg\" alt=\"\" class=\"wp-image-5705\" style=\"width:485px;height:auto\" srcset=\"https:\/\/www.colombiasostenible.gov.co\/programa\/wp-content\/uploads\/2025\/09\/WhatsApp-Image-2025-08-19-at-19.29.11-980x735.jpeg 980w, https:\/\/www.colombiasostenible.gov.co\/programa\/wp-content\/uploads\/2025\/09\/WhatsApp-Image-2025-08-19-at-19.29.11-480x360.jpeg 480w\" sizes=\"(min-width: 0px) and (max-width: 480px) 480px, (min-width: 481px) and (max-width: 980px) 980px, (min-width: 981px) 1024px, 100vw\" \/><\/figure>\n\n\n\n<p><strong>Sobre el Programa Colombia Sostenible<\/strong><\/p>\n\n\n\n<p>El Programa Colombia Sostenible es una iniciativa del Gobierno Nacional, ejecutada por el Fondo Colombia en Paz, que actualmente cofinancia alrededor de 200 proyectos agroambientales, beneficiando a unas 37.000 familias rurales. Su \u00e1rea de intervenci\u00f3n prioritaria son los 170 municipios PDET, y su financiaci\u00f3n proviene del Pr\u00e9stamo a la Naci\u00f3n 4424\/OC-CO del Banco Interamericano de Desarrollo. Esta operaci\u00f3n multisectorial cuenta con el apoyo y participaci\u00f3n de los Ministerios de Agricultura, Ambiente y Hacienda; el Departamento Nacional de Planeaci\u00f3n (DNP), APC-Colombia y la oficina del Consejero Comisionado de Paz.<\/p>\n\n\n\n<p><strong>Sobre el Fondo Colombia en Paz<\/strong><\/p>\n\n\n\n<p>El Fondo Colombia en Paz (FCP) es un veh\u00edculo financiero creado con ocasi\u00f3n de la firma del Acuerdo de Paz en 2016. La creaci\u00f3n del FCP tiene origen legal en el Decreto Ley 691 de 2017 y su objeto consiste en garantizar la eficiencia y eficacia en la administraci\u00f3n, coordinaci\u00f3n, focalizaci\u00f3n y ejecuci\u00f3n de los recursos destinados a la implementaci\u00f3n del Acuerdo Final, conforme al Plan Marco de Implementaci\u00f3n (PMI).<\/p>\n<div class=\"pvc_clear\"><\/div><p id=\"pvc_stats_5701\" class=\"pvc_stats all  \" data-element-id=\"5701\" style=\"\"><i class=\"pvc-stats-icon medium\" aria-hidden=\"true\"><svg aria-hidden=\"true\" focusable=\"false\" data-prefix=\"far\" data-icon=\"chart-bar\" role=\"img\" xmlns=\"http:\/\/www.w3.org\/2000\/svg\" viewBox=\"0 0 512 512\" class=\"svg-inline--fa fa-chart-bar fa-w-16 fa-2x\"><path fill=\"currentColor\" d=\"M396.8 352h22.4c6.4 0 12.8-6.4 12.8-12.8V108.8c0-6.4-6.4-12.8-12.8-12.8h-22.4c-6.4 0-12.8 6.4-12.8 12.8v230.4c0 6.4 6.4 12.8 12.8 12.8zm-192 0h22.4c6.4 0 12.8-6.4 12.8-12.8V140.8c0-6.4-6.4-12.8-12.8-12.8h-22.4c-6.4 0-12.8 6.4-12.8 12.8v198.4c0 6.4 6.4 12.8 12.8 12.8zm96 0h22.4c6.4 0 12.8-6.4 12.8-12.8V204.8c0-6.4-6.4-12.8-12.8-12.8h-22.4c-6.4 0-12.8 6.4-12.8 12.8v134.4c0 6.4 6.4 12.8 12.8 12.8zM496 400H48V80c0-8.84-7.16-16-16-16H16C7.16 64 0 71.16 0 80v336c0 17.67 14.33 32 32 32h464c8.84 0 16-7.16 16-16v-16c0-8.84-7.16-16-16-16zm-387.2-48h22.4c6.4 0 12.8-6.4 12.8-12.8v-70.4c0-6.4-6.4-12.8-12.8-12.8h-22.4c-6.4 0-12.8 6.4-12.8 12.8v70.4c0 6.4 6.4 12.8 12.8 12.8z\" class=\"\"><\/path><\/svg><\/i> <img decoding=\"async\" width=\"16\" height=\"16\" alt=\"Loading\" src=\"https:\/\/www.colombiasostenible.gov.co\/programa\/wp-content\/plugins\/page-views-count\/ajax-loader-2x.gif\" border=0 \/><\/p><div class=\"pvc_clear\"><\/div>","protected":false},"excerpt":{"rendered":"<p>Mediante la producci\u00f3n sostenible de bocachico y cachama cien familias ind\u00edgenas buscan mejorar su calidad de vida y contribuir con la conservaci\u00f3n del bosque y el desarrollo rural sostenible en una de las zonas m\u00e1s afectadas por el conflicto armado. Puerto Libertador (C\u00f3rdoba), septiembre 05 de 2025 &nbsp;\u2013 @Col_Sostenible1 Como ejemplo de resiliencia y empoderamiento, [&hellip;]<\/p>\n<div class=\"pvc_clear\"><\/div>\n<p id=\"pvc_stats_5701\" class=\"pvc_stats all  \" data-element-id=\"5701\" style=\"\"><i class=\"pvc-stats-icon medium\" aria-hidden=\"true\"><svg aria-hidden=\"true\" focusable=\"false\" data-prefix=\"far\" data-icon=\"chart-bar\" role=\"img\" xmlns=\"http:\/\/www.w3.org\/2000\/svg\" viewBox=\"0 0 512 512\" class=\"svg-inline--fa fa-chart-bar fa-w-16 fa-2x\"><path fill=\"currentColor\" d=\"M396.8 352h22.4c6.4 0 12.8-6.4 12.8-12.8V108.8c0-6.4-6.4-12.8-12.8-12.8h-22.4c-6.4 0-12.8 6.4-12.8 12.8v230.4c0 6.4 6.4 12.8 12.8 12.8zm-192 0h22.4c6.4 0 12.8-6.4 12.8-12.8V140.8c0-6.4-6.4-12.8-12.8-12.8h-22.4c-6.4 0-12.8 6.4-12.8 12.8v198.4c0 6.4 6.4 12.8 12.8 12.8zm96 0h22.4c6.4 0 12.8-6.4 12.8-12.8V204.8c0-6.4-6.4-12.8-12.8-12.8h-22.4c-6.4 0-12.8 6.4-12.8 12.8v134.4c0 6.4 6.4 12.8 12.8 12.8zM496 400H48V80c0-8.84-7.16-16-16-16H16C7.16 64 0 71.16 0 80v336c0 17.67 14.33 32 32 32h464c8.84 0 16-7.16 16-16v-16c0-8.84-7.16-16-16-16zm-387.2-48h22.4c6.4 0 12.8-6.4 12.8-12.8v-70.4c0-6.4-6.4-12.8-12.8-12.8h-22.4c-6.4 0-12.8 6.4-12.8 12.8v70.4c0 6.4 6.4 12.8 12.8 12.8z\" class=\"\"><\/path><\/svg><\/i> <img decoding=\"async\" width=\"16\" height=\"16\" alt=\"Loading\" src=\"https:\/\/www.colombiasostenible.gov.co\/programa\/wp-content\/plugins\/page-views-count\/ajax-loader-2x.gif\" border=0 \/><\/p>\n<div class=\"pvc_clear\"><\/div>\n","protected":false},"author":3,"featured_media":5702,"comment_status":"open","ping_status":"open","sticky":false,"template":"","format":"standard","meta":{"_et_pb_use_builder":"off","_et_pb_old_content":"","_et_gb_content_width":"","footnotes":""},"categories":[5],"tags":[22,15,19,8,12,9],"class_list":["post-5701","post","type-post","status-publish","format-standard","has-post-thumbnail","hentry","category-noticias","tag-conservacion","tag-desarrollo-rural","tag-medio-ambiente","tag-paz","tag-produccion-sostenible","tag-sostenibilidad"],"acf":[],"cp_meta_data":{"_edit_lock":["1757457537:3"],"rank_math_internal_links_processed":["1"],"_rttpg_block_active":["1"],"_rttpg_block_css":["",""],"rank_math_primary_category":["5"],"rank_math_seo_score":["10"],"_wp_old_date":["2025-09-09"],"_thumbnail_id":["5702"],"_et_pb_use_builder":["off"],"_et_pb_old_content":[""],"_et_gb_content_width":[""],"footnotes":[""],"_edit_last":["3"],"_a3_pvc_activated":["true"],"_et_post_bg_color":["#ffffff"],"_et_post_bg_layout":["light"],"_et_pb_show_title":["on"],"_et_pb_post_hide_nav":["default"],"_et_pb_page_layout":["et_right_sidebar"],"_et_pb_side_nav":["off"],"tpg-post-view-count":["961"],"_et_dynamic_cached_shortcodes":["a:0:{}"],"_et_dynamic_cached_attributes":["a:8:{s:4:\"meta\";s:3:\"off\";s:14:\"featured_image\";s:3:\"off\";s:10:\"title_font\";s:11:\"|700|||||||\";s:16:\"title_text_align\";s:6:\"center\";s:16:\"title_text_color\";s:7:\"#FFFFFF\";s:15:\"title_font_size\";s:4:\"28px\";s:13:\"custom_margin\";s:10:\"-28px|||||\";s:5:\"title\";s:2:\"on\";}"]},"rttpg_featured_image_url":{"full":["https:\/\/www.colombiasostenible.gov.co\/programa\/wp-content\/uploads\/2025\/09\/WhatsApp-Image-2025-08-19-at-19.29.15-scaled.jpeg",2560,1920,false],"landscape":["https:\/\/www.colombiasostenible.gov.co\/programa\/wp-content\/uploads\/2025\/09\/WhatsApp-Image-2025-08-19-at-19.29.15-scaled.jpeg",2560,1920,false],"portraits":["https:\/\/www.colombiasostenible.gov.co\/programa\/wp-content\/uploads\/2025\/09\/WhatsApp-Image-2025-08-19-at-19.29.15-scaled.jpeg",2560,1920,false],"thumbnail":["https:\/\/www.colombiasostenible.gov.co\/programa\/wp-content\/uploads\/2025\/09\/WhatsApp-Image-2025-08-19-at-19.29.15-150x150.jpeg",150,150,true],"medium":["https:\/\/www.colombiasostenible.gov.co\/programa\/wp-content\/uploads\/2025\/09\/WhatsApp-Image-2025-08-19-at-19.29.15-300x225.jpeg",300,225,true],"large":["https:\/\/www.colombiasostenible.gov.co\/programa\/wp-content\/uploads\/2025\/09\/WhatsApp-Image-2025-08-19-at-19.29.15-1024x768.jpeg",1024,768,true],"ctl_avatar":["https:\/\/www.colombiasostenible.gov.co\/programa\/wp-content\/uploads\/2025\/09\/WhatsApp-Image-2025-08-19-at-19.29.15-250x250.jpeg",250,250,true],"1536x1536":["https:\/\/www.colombiasostenible.gov.co\/programa\/wp-content\/uploads\/2025\/09\/WhatsApp-Image-2025-08-19-at-19.29.15-1536x1152.jpeg",1536,1152,true],"2048x2048":["https:\/\/www.colombiasostenible.gov.co\/programa\/wp-content\/uploads\/2025\/09\/WhatsApp-Image-2025-08-19-at-19.29.15-2048x1536.jpeg",2048,1536,true],"et-pb-post-main-image":["https:\/\/www.colombiasostenible.gov.co\/programa\/wp-content\/uploads\/2025\/09\/WhatsApp-Image-2025-08-19-at-19.29.15-400x250.jpeg",400,250,true],"et-pb-post-main-image-fullwidth":["https:\/\/www.colombiasostenible.gov.co\/programa\/wp-content\/uploads\/2025\/09\/WhatsApp-Image-2025-08-19-at-19.29.15-1080x675.jpeg",1080,675,true],"et-pb-portfolio-image":["https:\/\/www.colombiasostenible.gov.co\/programa\/wp-content\/uploads\/2025\/09\/WhatsApp-Image-2025-08-19-at-19.29.15-400x284.jpeg",400,284,true],"et-pb-portfolio-module-image":["https:\/\/www.colombiasostenible.gov.co\/programa\/wp-content\/uploads\/2025\/09\/WhatsApp-Image-2025-08-19-at-19.29.15-510x382.jpeg",510,382,true],"et-pb-portfolio-image-single":["https:\/\/www.colombiasostenible.gov.co\/programa\/wp-content\/uploads\/2025\/09\/WhatsApp-Image-2025-08-19-at-19.29.15-1080x810.jpeg",1080,810,true],"et-pb-gallery-module-image-portrait":["https:\/\/www.colombiasostenible.gov.co\/programa\/wp-content\/uploads\/2025\/09\/WhatsApp-Image-2025-08-19-at-19.29.15-400x516.jpeg",400,516,true],"et-pb-post-main-image-fullwidth-large":["https:\/\/www.colombiasostenible.gov.co\/programa\/wp-content\/uploads\/2025\/09\/WhatsApp-Image-2025-08-19-at-19.29.15-2880x1800.jpeg",2880,1800,true],"et-pb-image--responsive--desktop":["https:\/\/www.colombiasostenible.gov.co\/programa\/wp-content\/uploads\/2025\/09\/WhatsApp-Image-2025-08-19-at-19.29.15-1280x960.jpeg",960,720,true],"et-pb-image--responsive--tablet":["https:\/\/www.colombiasostenible.gov.co\/programa\/wp-content\/uploads\/2025\/09\/WhatsApp-Image-2025-08-19-at-19.29.15-980x735.jpeg",735,551,true],"et-pb-image--responsive--phone":["https:\/\/www.colombiasostenible.gov.co\/programa\/wp-content\/uploads\/2025\/09\/WhatsApp-Image-2025-08-19-at-19.29.15-480x360.jpeg",360,270,true]},"rttpg_author":{"display_name":"Amanda Diaz","author_link":"https:\/\/www.colombiasostenible.gov.co\/programa\/author\/soporte-pcs\/"},"rttpg_comment":44,"rttpg_category":"<a href=\"https:\/\/www.colombiasostenible.gov.co\/programa\/category\/noticias\/\" rel=\"category tag\">Noticias<\/a>","rttpg_excerpt":"Mediante la producci\u00f3n sostenible de bocachico y cachama cien familias ind\u00edgenas buscan mejorar su calidad de vida y contribuir con la conservaci\u00f3n del bosque y el desarrollo rural sostenible en una de las zonas m\u00e1s afectadas por el conflicto armado. Puerto Libertador (C\u00f3rdoba), septiembre 05 de 2025 &nbsp;\u2013 @Col_Sostenible1 Como ejemplo de resiliencia y empoderamiento,&hellip;","_links":{"self":[{"href":"https:\/\/www.colombiasostenible.gov.co\/programa\/wp-json\/wp\/v2\/posts\/5701","targetHints":{"allow":["GET"]}}],"collection":[{"href":"https:\/\/www.colombiasostenible.gov.co\/programa\/wp-json\/wp\/v2\/posts"}],"about":[{"href":"https:\/\/www.colombiasostenible.gov.co\/programa\/wp-json\/wp\/v2\/types\/post"}],"author":[{"embeddable":true,"href":"https:\/\/www.colombiasostenible.gov.co\/programa\/wp-json\/wp\/v2\/users\/3"}],"replies":[{"embeddable":true,"href":"https:\/\/www.colombiasostenible.gov.co\/programa\/wp-json\/wp\/v2\/comments?post=5701"}],"version-history":[{"count":1,"href":"https:\/\/www.colombiasostenible.gov.co\/programa\/wp-json\/wp\/v2\/posts\/5701\/revisions"}],"predecessor-version":[{"id":5706,"href":"https:\/\/www.colombiasostenible.gov.co\/programa\/wp-json\/wp\/v2\/posts\/5701\/revisions\/5706"}],"wp:featuredmedia":[{"embeddable":true,"href":"https:\/\/www.colombiasostenible.gov.co\/programa\/wp-json\/wp\/v2\/media\/5702"}],"wp:attachment":[{"href":"https:\/\/www.colombiasostenible.gov.co\/programa\/wp-json\/wp\/v2\/media?parent=5701"}],"wp:term":[{"taxonomy":"category","embeddable":true,"href":"https:\/\/www.colombiasostenible.gov.co\/programa\/wp-json\/wp\/v2\/categories?post=5701"},{"taxonomy":"post_tag","embeddable":true,"href":"https:\/\/www.colombiasostenible.gov.co\/programa\/wp-json\/wp\/v2\/tags?post=5701"}],"curies":[{"name":"wp","href":"https:\/\/api.w.org\/{rel}","templated":true}]}}